{"id":51406,"date":"2019-05-01T19:53:32","date_gmt":"2019-05-01T18:53:32","guid":{"rendered":"http:\/\/www.steinpilz-wismar.de\/cms\/?p=51406"},"modified":"2024-02-24T11:55:48","modified_gmt":"2024-02-24T10:55:48","slug":"wetter-und-pilze-im-raum-nordwestmecklenburg-40","status":"publish","type":"post","link":"https:\/\/www.steinpilz-wismar.de\/cms\/?p=51406","title":{"rendered":"Wetter und Pilze im Raum Nordwestmecklenburg"},"content":{"rendered":"<h1 style=\"text-align: center;\"><span style=\"color: #008000;\">Tagebuch zu Wetter und Pilze Mai 2019<\/span><\/h1>\n<div id=\"attachment_51407\" style=\"width: 510px\" class=\"wp-caption aligncenter\"><a href=\"http:\/\/www.steinpilz-wismar.de\/cms\/wp-content\/uploads\/2019\/05\/k-P1130551.jpg\"><img loading=\"lazy\" decoding=\"async\" aria-describedby=\"caption-attachment-51407\" class=\"wp-image-51407\" src=\"http:\/\/www.steinpilz-wismar.de\/cms\/wp-content\/uploads\/2019\/05\/k-P1130551-300x227.jpg\" alt=\"\" width=\"500\" height=\"378\" srcset=\"https:\/\/www.steinpilz-wismar.de\/cms\/wp-content\/uploads\/2019\/05\/k-P1130551-300x227.jpg 300w, https:\/\/www.steinpilz-wismar.de\/cms\/wp-content\/uploads\/2019\/05\/k-P1130551-768x581.jpg 768w, https:\/\/www.steinpilz-wismar.de\/cms\/wp-content\/uploads\/2019\/05\/k-P1130551-1024x775.jpg 1024w, https:\/\/www.steinpilz-wismar.de\/cms\/wp-content\/uploads\/2019\/05\/k-P1130551.jpg 1052w\" sizes=\"auto, (max-width: 500px) 100vw, 500px\" \/><\/a><p id=\"caption-attachment-51407\" class=\"wp-caption-text\">Speisemorcheln (Morchella esculenta) in ideal &#8211; Ausf\u00fchrung am 01. Mai 2019 am Schweriner See am Standort fotografiert.<\/p><\/div>\n<p style=\"text-align: justify;\"><span style=\"color: #008000;\"><span style=\"color: #ff0000;\">Mittwoch, 01. Mai &#8211; Internationaler Kampf &#8211; und Feiertag der Arbeiterklasse.<\/span> So sollte wohl die auch heute noch g\u00fcltige Bezeichnung dieses Feiertages lauten, denn es geht an diesem Tag traditionell um Klassenkampf. Leider ist heute nur die verniedlichende Form &#8222;Maifeiertag&#8220; amtlich gebr\u00e4uchlich. Man k\u00f6nnte denken, wir feiern hier nur die Begr\u00fc\u00dfung des Wonnemonats. Um daran zu erinnern, marschierte die NPD heute durch Wismar. Es herrschte Ausnahmezustand, da nat\u00fcrlich Gegendemonstrationen stattfanden. Mit einem gewaltigen Polizei &#8211; Aufgebot wurden die Demonstrationen abgesichert. \u00dcber der Stadt kreisten stundenlang Hubschrauber. Die Rechten durften also unter Polizeischutz ihre Botschaft verk\u00fcnden. Die NPD brauchte anscheinend Aufmerksamkeit, weil in der letzten Zeit kaum noch von der \u00d6ffentlichkeit wahrgenommen. Und das ist ihnen vortrefflich gelungen! F\u00fcr viele mehr oder weniger rechts denkende Menschen ist die AfD inzwischen ein Sammelbecken geworden. So hatte ich heute auch zu tun, zu meinen Exkursionsgebieten zu gelangen, da die Innenstadt st\u00e4ndig an anderen Stellen von der Polizei abgeriegelt wurde. Letztendlich ist es mir doch gelungen zum Schweriner See und auf die Ostsee &#8211; Insel Poel zu fahren. <\/span><\/p>\n<p style=\"text-align: justify;\"><span style=\"color: #008000;\">In Vorbereitung unseres Pilzseminars in Parchim brauchte ich noch einige Frischpilze, in erster Linie Morcheln und Maipilze. In punkto Morcheln wurde ich am Schweriner See f\u00fcndig, wenn auch nur die beiden fotografierten Exemplare. Die reichten mir vollkommen und ich fuhr zum Laden und kochte mir einen Feiertags &#8211; Kaffee. Danach unter Schwierigkeiten, wegen der Stra\u00dfensperrungen, auf die Ostseeinsel Poel. Maipilze gab es hier nat\u00fcrlich, aber nur in sehr bescheidenen Mengen. Viele Stellen und Ringe haben bisher durch die Trockenheit kaum Fruchtk\u00f6rper ausgebildet. An den feuchtesten Standorten wurde ich aber f\u00fcndig und konnte gut 1 Kilo ernten. Dort war der Boden auch wirklich nass. Ich denke, im laufe des Monats, falls es noch reichlich regnen sollte, kann diesbez\u00fcglich noch etwas erwartet werden.<\/span><\/p>\n<div id=\"attachment_51408\" style=\"width: 510px\" class=\"wp-caption aligncenter\"><a href=\"http:\/\/www.steinpilz-wismar.de\/cms\/wp-content\/uploads\/2019\/05\/k-P1130618.jpg\"><img loading=\"lazy\" decoding=\"async\" aria-describedby=\"caption-attachment-51408\" class=\"wp-image-51408\" src=\"http:\/\/www.steinpilz-wismar.de\/cms\/wp-content\/uploads\/2019\/05\/k-P1130618-300x227.jpg\" alt=\"\" width=\"500\" height=\"378\" srcset=\"https:\/\/www.steinpilz-wismar.de\/cms\/wp-content\/uploads\/2019\/05\/k-P1130618-300x227.jpg 300w, https:\/\/www.steinpilz-wismar.de\/cms\/wp-content\/uploads\/2019\/05\/k-P1130618-768x581.jpg 768w, https:\/\/www.steinpilz-wismar.de\/cms\/wp-content\/uploads\/2019\/05\/k-P1130618-1024x775.jpg 1024w, https:\/\/www.steinpilz-wismar.de\/cms\/wp-content\/uploads\/2019\/05\/k-P1130618.jpg 1052w\" sizes=\"auto, (max-width: 500px) 100vw, 500px\" \/><\/a><p id=\"caption-attachment-51408\" class=\"wp-caption-text\">Frische Maipilze (Calocybe gambosa) heute am Standort fotografiert. Hier steht normalerweise ein gro\u00dfer, ergiebiger Hexenring. Heute war er stark ausged\u00fcnnt, mit nur einzelnen Nestern, teils gerade so unter der bedeckenden Humusschicht zu erahnen. Wie an den glasigen Stielbasen zu erkennen, war der Boden sehr feucht bzw. nass.<\/p><\/div>\n<p style=\"text-align: justify;\"><span style=\"color: #008000;\">Donnerstag, 02. Mai &#8211; Gestern, sowie auch heute, dominierte herbstlich anmutendes Wetter mit vielen, grauen Wolken und Wind. Ab und an auch einigen Regentropfen. Jetzt am Abend schwenkt von Norden her eine erste Kaltfront mit Schauern durch. <span style=\"color: #0000ff;\">Sie leitet ein f\u00fcr Mai ungew\u00f6hnlich kaltes Wochenende ein. Dabei kann es immer wieder Schauern, teils mit Schnee und Graupel. Am besten kommen aus heutiger Sicht wohl die Gebiete nord\u00f6stlich der Elbe weg, denn hier kann sich zeitweise die Sonne zeigen und Schauer sollen seltener sein.<\/span> Das d\u00fcrfte dann unserem Pilzwochenende zu gute kommen. Wenn schon sehr Maifrisch, dann aber wenigstens nicht noch klatschnass. Richtige W\u00e4rme scheint auch danach nicht in Sicht zu sein. Nach etwas milderen Tagen in der n\u00e4chsten Woche k\u00f6nnte sich ein erneuter Kaltlufteinbruch bemerkbar machen. Wer in der n\u00e4chsten Zeit den Sommer genie\u00dfen m\u00f6chte, sollte sich weit nach Osten oder Nordosten begeben. Dort bahnt sich eine regelrechte Hitzewelle bis zum Polarkreis an. Also auf nach Lappland!<\/span><\/p>\n<p style=\"text-align: justify;\"><span style=\"color: #008000;\">Manche Pilzfreunde denken schon an die ersten R\u00f6hrlinge. Die kalte Witterung wird ihnen sicher nicht sehr gefallen, aber dennoch wurden in den letzten Tagen erste Flockenstielige Hexen in einigen Regionen Deutschlands gesichtet. Mal schauen, was uns die Exkursionen zum Fr\u00fchlingsseminar bei Parchim bringen. Ich freue mich auf ein hoffentlich interessantes Wochenende.<\/span><\/p>\n<div id=\"attachment_51419\" style=\"width: 510px\" class=\"wp-caption aligncenter\"><a href=\"http:\/\/www.steinpilz-wismar.de\/cms\/wp-content\/uploads\/2019\/05\/k-Morchel-erster-Mai-1.jpg\"><img loading=\"lazy\" decoding=\"async\" aria-describedby=\"caption-attachment-51419\" class=\"wp-image-51419\" src=\"http:\/\/www.steinpilz-wismar.de\/cms\/wp-content\/uploads\/2019\/05\/k-Morchel-erster-Mai-1-300x227.jpg\" alt=\"\" width=\"500\" height=\"379\" srcset=\"https:\/\/www.steinpilz-wismar.de\/cms\/wp-content\/uploads\/2019\/05\/k-Morchel-erster-Mai-1-300x227.jpg 300w, https:\/\/www.steinpilz-wismar.de\/cms\/wp-content\/uploads\/2019\/05\/k-Morchel-erster-Mai-1-768x582.jpg 768w, https:\/\/www.steinpilz-wismar.de\/cms\/wp-content\/uploads\/2019\/05\/k-Morchel-erster-Mai-1-1024x776.jpg 1024w, https:\/\/www.steinpilz-wismar.de\/cms\/wp-content\/uploads\/2019\/05\/k-Morchel-erster-Mai-1.jpg 1058w\" sizes=\"auto, (max-width: 500px) 100vw, 500px\" \/><\/a><p id=\"caption-attachment-51419\" class=\"wp-caption-text\">Und hier noch einmal ein Foto von einer Speisemorchel (Morchella esculenta) wie aus dem Bilderbuch. Gewachsen gleich neben einem Aronstab. Fotografiert von Christian Ehmke. Die Morcheln haben nach den Regenf\u00e4llen nochmals einen Schub bekommen. Auch unser Pilzfreund Peter Kofahl hatte heute auf seinen Rindenmulch &#8211; Beeten wieder Gl\u00fcck und konnte nochmals reichlich Spitzmorcheln ernten. Die Pilze haben nur auf den Regen gewartet und streckten sich sogleich.<\/p><\/div>\n<p style=\"text-align: justify;\"><span style=\"color: #008000;\">Freitag, 03. Mai &#8211; Heute startete zwischen Parchim und Dargel\u00fctz unser diesj\u00e4hriges Fr\u00fchlingsseminar in den Pfifferlingstannen. Unter dem Motto &#8222;Ein Pilzwochenende in Mecklenburg&#8220; zogen wir in &#8222;luettpuett&#8220; ein. Das weitl\u00e4ufige Areal war fr\u00fcher ein Milit\u00e4rstandort und wird zunehmend zu einer Jugend- und Bildungsst\u00e4tte ausgebaut. Kurz nach 14.00 Uhr begann Ulrich Klein seine Einf\u00fchrung in die allgemeine Pilzkunde. Nach dem Abendbrot schloss sich ein Beamer Vortrag meinerseits zum Thema Fr\u00fchlingspilze an. In fr\u00f6hlicher Runde lie\u00dfen wir den Tag im gem\u00fctlichen Aufenthaltsraum ausklingen und legten bei dieser Gelegenheit unsere morgigen Exkursionsgebiete fest.<\/span><\/p>\n<div id=\"attachment_51426\" style=\"width: 510px\" class=\"wp-caption aligncenter\"><a href=\"http:\/\/www.steinpilz-wismar.de\/cms\/wp-content\/uploads\/2019\/05\/k-P1130661.jpg\"><img loading=\"lazy\" decoding=\"async\" aria-describedby=\"caption-attachment-51426\" class=\"wp-image-51426\" src=\"http:\/\/www.steinpilz-wismar.de\/cms\/wp-content\/uploads\/2019\/05\/k-P1130661-300x225.jpg\" alt=\"\" width=\"500\" height=\"375\" srcset=\"https:\/\/www.steinpilz-wismar.de\/cms\/wp-content\/uploads\/2019\/05\/k-P1130661-300x225.jpg 300w, https:\/\/www.steinpilz-wismar.de\/cms\/wp-content\/uploads\/2019\/05\/k-P1130661-768x576.jpg 768w, https:\/\/www.steinpilz-wismar.de\/cms\/wp-content\/uploads\/2019\/05\/k-P1130661.jpg 1024w\" sizes=\"auto, (max-width: 500px) 100vw, 500px\" \/><\/a><p id=\"caption-attachment-51426\" class=\"wp-caption-text\">Zur Begr\u00fc\u00dfung der aus nah und fern angereisten Pilzfreunde baute ich wie immer eine kleine Pilzausstellung auf.<\/p><\/div>\n<p style=\"text-align: justify;\"><span style=\"color: #008000;\">Sonnabend, 04. Mai &#8211; Heute standen ganzt\u00e4gige Exkursionen auf dem Programm. Ziel war das Landschaftsschutzgebiet Wockertal, das wir in zwei Etappen durchwanderten. Unterbrochen vom Mittagstisch in unserem Schulungsobjekt. Das Wockertal ist ein teils enges Bachtal, mit stellenweise steilen H\u00e4ngen, die nach S\u00fcden und Norden abflachen. Die Talauspr\u00e4gung ist von gro\u00dfer Seltenheit und bietet ein Landschaftsbild von gleichfalls gro\u00dfer Einmaligkeit. W\u00e4hrend uns die umgebende Landschaft viel zu bieten hatte, hielt sich das allgemeine Frischpilzaufkommen recht zur\u00fcck. Geschuldet der Trockenheit. Von der Feuchte bei unserer ersten Begehung einige Tage zuvor, war nicht mehr viel zu sp\u00fcren. Aber der Blick richtete sich nicht nur auf die Pilzflora, sondern auf vieles mehr, was uns die weitere Flora und Fauna zu bieten hatte.<\/span><\/p>\n<div id=\"attachment_51428\" style=\"width: 510px\" class=\"wp-caption aligncenter\"><a href=\"http:\/\/www.steinpilz-wismar.de\/cms\/wp-content\/uploads\/2019\/05\/k-P1130797.jpg\"><img loading=\"lazy\" decoding=\"async\" aria-describedby=\"caption-attachment-51428\" class=\"wp-image-51428\" src=\"http:\/\/www.steinpilz-wismar.de\/cms\/wp-content\/uploads\/2019\/05\/k-P1130797-300x225.jpg\" alt=\"\" width=\"500\" height=\"375\" srcset=\"https:\/\/www.steinpilz-wismar.de\/cms\/wp-content\/uploads\/2019\/05\/k-P1130797-300x225.jpg 300w, https:\/\/www.steinpilz-wismar.de\/cms\/wp-content\/uploads\/2019\/05\/k-P1130797-768x576.jpg 768w, https:\/\/www.steinpilz-wismar.de\/cms\/wp-content\/uploads\/2019\/05\/k-P1130797.jpg 1024w\" sizes=\"auto, (max-width: 500px) 100vw, 500px\" \/><\/a><p id=\"caption-attachment-51428\" class=\"wp-caption-text\">Der absolute H\u00f6hepunkt des Tages war der Fund dieses farbenpr\u00e4chtigen Helmlings am Wegesrand im Gras eines feuchten Erlenbruches. Es handelt sich um den Orange Helmling (Mycena acicula). Zwar keine Seltenheit, aber dennoch ein wundersch\u00f6nes Fotomotiv. Standortaufnahme im Wockertal am 04.05.2019.<\/p><\/div>\n<p style=\"text-align: justify;\"><span style=\"color: #008000;\"><span style=\"color: #ff0000;\">Sonntag, <span style=\"color: #008000;\">05. Mai<\/span><\/span> &#8211; Letzter Tag unseres Fr\u00fchlingsseminars. Nachdem wir unser Quartier ger\u00e4umt und die Schl\u00fcssel abgegeben hatten, brachen wir zur Abschlussexkursion auf. Sie f\u00fchrte uns an das Ostufer des Schweriner Innensees bei Raben &#8211; Steinfeld. Wir wanderten am Ufer entlang bis G\u00f6rslow &#8211; Ausbau. W\u00e4hrend das Wockertal nur geringe Chancen, wegen saurer Bodenverh\u00e4ltnisse, in punkto Morcheln bot, ist hier zumindest die M\u00f6glichkeit erh\u00f6ht noch die eine oder andere dieser begehrten Delikatessen aufzusp\u00fcren. Auch diese Landschaft begeisterte durch ihre Urw\u00fcchsigkeit und an den steilen Hangterrassen konnten wir zu dem noch unsere bergsteigerischen F\u00e4higkeiten ausloten. P\u00fcnktlich um 16.00 Uhr endete nach Kaffee und Kuchen an frischer Fr\u00fchlingsluft unser Pilzwochenende in Mecklenburg. Der Bericht dazu wird in den n\u00e4chsten Tagen nach und nach auf dieser Homepage erscheinen.<\/span><\/p>\n<div id=\"attachment_51431\" style=\"width: 510px\" class=\"wp-caption aligncenter\"><a href=\"http:\/\/www.steinpilz-wismar.de\/cms\/wp-content\/uploads\/2019\/05\/k-P1140107.jpg\"><img loading=\"lazy\" decoding=\"async\" aria-describedby=\"caption-attachment-51431\" class=\"wp-image-51431\" src=\"http:\/\/www.steinpilz-wismar.de\/cms\/wp-content\/uploads\/2019\/05\/k-P1140107-300x226.jpg\" alt=\"\" width=\"500\" height=\"377\" srcset=\"https:\/\/www.steinpilz-wismar.de\/cms\/wp-content\/uploads\/2019\/05\/k-P1140107-300x226.jpg 300w, https:\/\/www.steinpilz-wismar.de\/cms\/wp-content\/uploads\/2019\/05\/k-P1140107-768x579.jpg 768w, https:\/\/www.steinpilz-wismar.de\/cms\/wp-content\/uploads\/2019\/05\/k-P1140107-1024x772.jpg 1024w, https:\/\/www.steinpilz-wismar.de\/cms\/wp-content\/uploads\/2019\/05\/k-P1140107.jpg 1040w\" sizes=\"auto, (max-width: 500px) 100vw, 500px\" \/><\/a><p id=\"caption-attachment-51431\" class=\"wp-caption-text\">Und tats\u00e4chlich, wir konnten sie noch am Standort bewundern, die beliebte Speisemorchel (Morchella esculenta). Es sollte leider die Einzige bleiben. 05.05.2019.<\/p><\/div>\n<p style=\"text-align: justify;\"><span style=\"color: #008000;\">Montag, 06. Mai &#8211; Kalte Polarluft lie\u00df uns heute, wie auch an den Vortagen, fr\u00f6steln. Dazu ein unangenehmer Wind, der immer wieder m\u00e4chtige Quellwolken \u00fcber den zwischenzeitlich blauen Himmel trieb. Auch Schauer sind hin und wieder dabei. Die Niederschlagsmengen hielten sich aber sehr in Grenzen und Sonne sowie Wind trockneten sofort wieder ab. Die derzeitige Wetterlage ist alles andere als pilzfreundlich. Zum Gl\u00fcck bleiben wir aber auch weiterhin unter Tiefdruckeinfluss mit weiteren Niederschl\u00e4gen. Dabei wird im laufe der Woche zumindest vor\u00fcbergehend etwas w\u00e4rmere\u00a0 Luft heran gef\u00fchrt. In ihr kann es immer wieder regnen, schauern oder gewittern. In Richtung Wochenende droht allerdings ein neuer Kaltlufteinbruch mit zahlreichen Schauern. Aprilwetter mitten im Mai. Die Abk\u00fchlung soll aber bei uns im Norden moderater ausfallen als in S\u00fcddeutschland. Da die etwas w\u00e4rmere Luft auch mehr Wasserdampf aufnehmen kann, k\u00f6nnen Regen und Schauer m\u00f6glicherweise ergiebiger ausfallen. Wir werden sehen.<\/span><\/p>\n<div id=\"attachment_51434\" style=\"width: 510px\" class=\"wp-caption aligncenter\"><a href=\"http:\/\/www.steinpilz-wismar.de\/cms\/wp-content\/uploads\/2019\/05\/k-P1130936.jpg\"><img loading=\"lazy\" decoding=\"async\" aria-describedby=\"caption-attachment-51434\" class=\"wp-image-51434\" src=\"http:\/\/www.steinpilz-wismar.de\/cms\/wp-content\/uploads\/2019\/05\/k-P1130936-300x225.jpg\" alt=\"\" width=\"500\" height=\"375\" srcset=\"https:\/\/www.steinpilz-wismar.de\/cms\/wp-content\/uploads\/2019\/05\/k-P1130936-300x225.jpg 300w, https:\/\/www.steinpilz-wismar.de\/cms\/wp-content\/uploads\/2019\/05\/k-P1130936-768x576.jpg 768w, https:\/\/www.steinpilz-wismar.de\/cms\/wp-content\/uploads\/2019\/05\/k-P1130936.jpg 1024w\" sizes=\"auto, (max-width: 500px) 100vw, 500px\" \/><\/a><p id=\"caption-attachment-51434\" class=\"wp-caption-text\">Immer wieder schrauben sich in der h\u00f6henkalten Luft m\u00e4chtige Quellwolken empor, so wie hier am Sonnabend \u00fcber dem Wockertal bei Parchim. Sie bauen sich oft zu kurzen, \u00f6rtlich kr\u00e4ftigen Schauern und Gewittern aus. Eine Entspannung der Trockenheit war damit bisher kaum verbunden.<\/p><\/div>\n<p style=\"text-align: justify;\"><span style=\"color: #008000;\">Dienstag, 07. Mai &#8211; Vormittags, wie jeden ersten Dienstag im Monat, Haushaltstag und am Nachmittag Sprechstunde im Steinpilz. Diese wird derzeit aber kaum in Anspruch genommen, da nicht viel los an der Pilzfront. W\u00e4hrend im S\u00fcdwesten Deutschlands Morcheln, Maipilze und Hexenr\u00f6hrlinge so manchen Sammlerkorb f\u00fcllen, sind die Erfolge bei uns in Mecklenburg eher bescheiden, da weiterhin viel zu trocken. Und das, obwohl auch bei uns, so wie auch heute wieder, viele Schauer \u00fcber `s Land zogen und ziehen. Sie lindern bei oft starkem Wind und zeitweiliger Sonne die Trockenheit kaum bis gar nicht. Das \u00e4ndert sich hoffentlich mit einem neuen Tief, dass auf seiner Vorderseite ab morgen etwas w\u00e4rmere Luft heran f\u00fchrt. Diese besitzt ein h\u00f6heres Wasserdampf &#8211; Kapazit\u00e4tshalteverm\u00f6gen, so dass weitere, damit verbundene Schauer und <span style=\"color: #ff0000;\">Gewitter<\/span>, saftiger ausfallen d\u00fcrften. Die h\u00f6chsten Regenmengen werden zwar wieder f\u00fcr die S\u00fcdh\u00e4lfte Deutschlands berechnet, aber ich hoffe, dass auch f\u00fcr uns der eine oder andere Liter dabei sein m\u00f6ge. Zum Wochenende k\u00fchlt es dann wieder ab. Die eigentlichen <span style=\"color: #0000ff;\">Eisheiligen<\/span> stehen an. Der mittelfristige Trend deutet dann im laufe der n\u00e4chsten Woche einen raschen \u00dcbergang zu Sonne und W\u00e4rme an. Der Fr\u00fchsommer deutet sich an. Ob es der Auftakt zu einer l\u00e4ngeren, trockenen Hochdrucklage sein wird, steht allerdings noch nicht fest.\u00a0<\/span><\/p>\n<div id=\"attachment_51440\" style=\"width: 510px\" class=\"wp-caption aligncenter\"><a href=\"http:\/\/www.steinpilz-wismar.de\/cms\/wp-content\/uploads\/2019\/05\/k-P1130880.jpg\"><img loading=\"lazy\" decoding=\"async\" aria-describedby=\"caption-attachment-51440\" class=\"wp-image-51440\" src=\"http:\/\/www.steinpilz-wismar.de\/cms\/wp-content\/uploads\/2019\/05\/k-P1130880-300x225.jpg\" alt=\"\" width=\"500\" height=\"375\" srcset=\"https:\/\/www.steinpilz-wismar.de\/cms\/wp-content\/uploads\/2019\/05\/k-P1130880-300x225.jpg 300w, https:\/\/www.steinpilz-wismar.de\/cms\/wp-content\/uploads\/2019\/05\/k-P1130880-768x576.jpg 768w, https:\/\/www.steinpilz-wismar.de\/cms\/wp-content\/uploads\/2019\/05\/k-P1130880.jpg 1024w\" sizes=\"auto, (max-width: 500px) 100vw, 500px\" \/><\/a><p id=\"caption-attachment-51440\" class=\"wp-caption-text\">Derzeit wenig Frischpilze, daf\u00fcr offensichtlich um so mehr Maik\u00e4fer. Es soll ein Maik\u00e4fer &#8211; Jahr sein und in den n\u00e4chsten Wochen werden viele Millionen von ihnen erwartet. Zumindest in den f\u00fcr sie geeigneten Gebieten. Die K\u00e4fer lieben leichte, sandige, luftdurchl\u00e4ssige B\u00f6den, so wie auch um Parchim herum, wo uns dieses Exemplar auf dem Gel\u00e4nde von luettpuett \u00fcber den Weg bzw. die Hand krabbellte.<\/p><\/div>\n<p style=\"text-align: justify;\"><span style=\"color: #008000;\">Mittwoch, 08. Mai &#8211; Eine Mittwochsexkursion stand heute wieder auf dem Programm. Das Messtischblatt Dobbertin ist an der Reihe. Heute arbeitete ich den ersten Quadranten ab. In ihm liegen umfangreiche W\u00e4lder und Seen. So der Holzsee, der Woseriner See oder der Garder See. Das Naturschutzgebiet Kl\u00e4den w\u00e4re des weiteren zu erw\u00e4hnen. Ich begab mich zun\u00e4chst von der B 192 ausgehend am Fl\u00fcsschen Bresenitz entlang auf Pilzpirsch. Auch die angrenzenden Buchenwaldungen und Erlenbr\u00fcche tangierte ich. Es war sehr trocken und Frischpilze waren kaum vertreten. Ich fuhr zum Kaffee Kentzler in Dobbertin und genehmigte mir ein Eis. Das geh\u00f6rt einfach dazu, wenn ich in dieser Region unterwegs bin. Schlie\u00dflich fuhr ich noch zum Gardersee im Bereich des K\u00f6nigsbergs. Sehr sch\u00f6ne Landschaft und auch ein kleines, beliebtes Ferien &#8211; Domizil. Sandige Bereiche mit Kiefern, Eichen und Birken. Im Sommer und Herbst bei hinreichender Feuchtigkeit sicher f\u00fcr den Mykophagen von gro\u00dfem Interesse, aber haute einfach nichts los! Siehe auch unter <span style=\"color: #800080;\">&#8222;Mittwochsexkursion am 08.05.2019&#8220;<\/span>.<\/span><\/p>\n<p style=\"text-align: justify;\"><span style=\"color: #008000;\">Das Wetter war wieder etwas milder, aber recht windig und wolkenverhangen. Die Str\u00f6mung hat auf S\u00fcdwest gedreht und mit ihr zieht ein neues Tief heran. Dieses mal wohl auch f\u00fcr uns mit reichlich Regen. <span style=\"color: #0000ff;\">Die Warmfront bringt uns in der Nacht fl\u00e4chige Regenf\u00e4lle und die nachfolgende Kaltfront kann morgen f\u00fcr Schauer und <span style=\"color: #ff0000;\">Gewitter<\/span> sorgen.<\/span> Die heute g\u00fcltigen Niederschlagsprognosen f\u00fcr die kommenden Tage, f\u00fcr unser Einzugsgebiet, sind zumindest vielversprechend. Mal schauen, was tats\u00e4chlich zusammen kommt.<\/span><\/p>\n<div id=\"attachment_51467\" style=\"width: 510px\" class=\"wp-caption aligncenter\"><a href=\"http:\/\/www.steinpilz-wismar.de\/cms\/wp-content\/uploads\/2019\/05\/k-P1140167.jpg\"><img loading=\"lazy\" decoding=\"async\" aria-describedby=\"caption-attachment-51467\" class=\"wp-image-51467\" src=\"http:\/\/www.steinpilz-wismar.de\/cms\/wp-content\/uploads\/2019\/05\/k-P1140167-300x227.jpg\" alt=\"\" width=\"500\" height=\"378\" srcset=\"https:\/\/www.steinpilz-wismar.de\/cms\/wp-content\/uploads\/2019\/05\/k-P1140167-300x227.jpg 300w, https:\/\/www.steinpilz-wismar.de\/cms\/wp-content\/uploads\/2019\/05\/k-P1140167-768x581.jpg 768w, https:\/\/www.steinpilz-wismar.de\/cms\/wp-content\/uploads\/2019\/05\/k-P1140167-1024x775.jpg 1024w, https:\/\/www.steinpilz-wismar.de\/cms\/wp-content\/uploads\/2019\/05\/k-P1140167.jpg 1052w\" sizes=\"auto, (max-width: 500px) 100vw, 500px\" \/><\/a><p id=\"caption-attachment-51467\" class=\"wp-caption-text\">Schuppiger Stielporling (Polyporus squamosus) heute am Standort fotografiert. Jung essbar.<\/p><\/div>\n<p style=\"text-align: justify;\"><span style=\"color: #008000;\">Donnerstag, 09. Mai &#8211; <span style=\"color: #0000ff;\">Eine Warmfront brachte in der vergangenen Nacht zwar fl\u00e4chendeckenden Regen, aber die Mengen lie\u00dfen doch sehr zu w\u00fcnschen \u00fcbrig. Auch die Schauer und <span style=\"color: #ff0000;\">Gewitter<\/span> am Nachmittag brachten nur \u00f6rtlich mal einen heftigen Regenguss. Jetzt am Abend (19.00) Uhr wurde auch Wismar von einer <span style=\"color: #ff0000;\">Gewitter &#8211; Zone<\/span> erreicht.<\/span> Insgesamt haben auch diese Niederschl\u00e4ge bisher keine nennenswerte Entspannung der Trockenheit gebracht. Viel wird auch in der n\u00e4chsten Zeit bei uns nicht zu erwarten sein. Die Niederschlagsprognosen f\u00fcr uns wurden deutlich nach unten korrigiert. Anders in der S\u00fcdh\u00e4lfte Deutschlands. Dort regnet es immer wieder kr\u00e4ftig. Immerhin ist das noch k\u00fcrzlich angek\u00fcndigte Sommerhoch zun\u00e4chst nicht zu erwarten. Es kann mittelfristig in meist k\u00fchler Luft ab und zu zu Schauern kommen. Auch die <span style=\"color: #0000ff;\">Bodenfrost &#8211; Gefahr<\/span> nimmt in den n\u00e4chsten Tagen eher wieder zu!<br \/>\n<\/span><\/p>\n<div id=\"attachment_51479\" style=\"width: 510px\" class=\"wp-caption aligncenter\"><a href=\"http:\/\/www.steinpilz-wismar.de\/cms\/wp-content\/uploads\/2019\/05\/k-Biscogniauxia-nummularia-Rotbuchen-Rindenkugelpilz-190505-G\u00f6rslower-Ufer-Schweriner-See-02_tn.jpg\"><img loading=\"lazy\" decoding=\"async\" aria-describedby=\"caption-attachment-51479\" class=\"wp-image-51479\" src=\"http:\/\/www.steinpilz-wismar.de\/cms\/wp-content\/uploads\/2019\/05\/k-Biscogniauxia-nummularia-Rotbuchen-Rindenkugelpilz-190505-G\u00f6rslower-Ufer-Schweriner-See-02_tn-300x226.jpg\" alt=\"\" width=\"500\" height=\"377\" srcset=\"https:\/\/www.steinpilz-wismar.de\/cms\/wp-content\/uploads\/2019\/05\/k-Biscogniauxia-nummularia-Rotbuchen-Rindenkugelpilz-190505-G\u00f6rslower-Ufer-Schweriner-See-02_tn-300x226.jpg 300w, https:\/\/www.steinpilz-wismar.de\/cms\/wp-content\/uploads\/2019\/05\/k-Biscogniauxia-nummularia-Rotbuchen-Rindenkugelpilz-190505-G\u00f6rslower-Ufer-Schweriner-See-02_tn-768x579.jpg 768w, https:\/\/www.steinpilz-wismar.de\/cms\/wp-content\/uploads\/2019\/05\/k-Biscogniauxia-nummularia-Rotbuchen-Rindenkugelpilz-190505-G\u00f6rslower-Ufer-Schweriner-See-02_tn-1024x772.jpg 1024w, https:\/\/www.steinpilz-wismar.de\/cms\/wp-content\/uploads\/2019\/05\/k-Biscogniauxia-nummularia-Rotbuchen-Rindenkugelpilz-190505-G\u00f6rslower-Ufer-Schweriner-See-02_tn.jpg 1040w\" sizes=\"auto, (max-width: 500px) 100vw, 500px\" \/><\/a><p id=\"caption-attachment-51479\" class=\"wp-caption-text\">Hier sehen wir einen entfernten Verwandten unserer Lorcheln und Morcheln. Den Rotbuchen &#8211; Rindenkugelpilz (Biscogniauxia nummularia), den hier Christopher Engelhardt f\u00fcr uns am Ufer des Schweriner Sees, bei Raben &#8211; Steinfeld, fotografiert und bestimmt hat. 05.05.2019.<\/p><\/div>\n<p style=\"text-align: justify;\"><span style=\"color: #008000;\">Freitag, 10. Mai &#8211; Heute hatten wir einen kleinen Imbisstag im Programm. Waffeln backen vor dem Informationszentrum war angesagt. Irena hatte vor einiger Zeit praktische, leicht aufbaubare Klapptische g\u00fcnstig gekauft. Einer von ihnen erlebte heute seinen praktischen Einstand. Kaffee und Tee wurden dazu gereicht. Ich hatte, als gelernter Konditor, einen besonders leckeren und gehaltvollen Waffelteig mit Butter einger\u00fchrt. Leider verregnete uns das Wetter das Gesch\u00e4ft. Es schauerte immer wieder, mitunter recht kr\u00e4ftig. Danach k\u00fchlte es merklich ab, bei lebhaftem Wind. So hatte auch keiner Lust bei diesen ungem\u00fctlichen Verh\u00e4ltnissen an unserem Kaffeetisch Platz zu nehmen. Am Ende blieben eine ganze Mengen leckerer Waffeln \u00fcbrig, so dass sich Vereinsfreundin Monika, die f\u00fcr den Steinpilz &#8211; Wismar heute die B\u00e4ckerin war, reichlich mit nach hause nehmen konnte. Auch wird es zu unserer morgigen Pilzwanderung Kaffee und Waffeln geben.<\/span><\/p>\n<p style=\"text-align: justify;\"><span style=\"color: #3366ff;\">Das Wetter machte uns also einen Strich durch die Rechnung. Lange warteten wir auf Regen, ausgerechnet an unserem Imbisstag sollte er kommen. Ausgereicht haben die schauerartigen Niederschl\u00e4ge aber keineswegs. Es d\u00fcrften aber zwischen 5 und 10 l\/m an den letzten beiden Tagen zusammen gekommen sein. \u00d6rtlich, besonders in Richtung Vorpommern, auch deutlich mehr. Grundsteinlegend f\u00fcr einen ersten, m\u00f6glichen R\u00f6hrlings &#8211; Schub gegen Ende des Monats, war der Regen aber nicht. In S\u00fcddeutschland kann es am Wochenende weiter kr\u00e4ftig sch\u00fctten. Dort sieht es ganz anders aus. Au\u00dferdem sind die dauerhaft unterk\u00fchlten Temperaturen diesbez\u00fcglich ebenfalls nicht f\u00f6rderlich. Und jetzt soll es mehrere N\u00e4chte in Folge wieder Bodenfr\u00f6ste geben. Sommerliche Temperaturen sind eventuell erst gegen Ende Mai m\u00f6glich. Nach derzeitigem Stand sind bis dahin bei uns auch keine nennenswerten Niederschl\u00e4ge mehr zu erwarten. Dazu viel Sonne und zeitweise ein lebhafter, trockener und kalter Wind. Pilzwetter sieht anders aus!<\/span><\/p>\n<div id=\"attachment_51516\" style=\"width: 510px\" class=\"wp-caption aligncenter\"><a href=\"http:\/\/www.steinpilz-wismar.de\/cms\/wp-content\/uploads\/2019\/05\/k-K1600_Untitled-115.jpg\"><img loading=\"lazy\" decoding=\"async\" aria-describedby=\"caption-attachment-51516\" class=\"wp-image-51516\" src=\"http:\/\/www.steinpilz-wismar.de\/cms\/wp-content\/uploads\/2019\/05\/k-K1600_Untitled-115-300x225.jpg\" alt=\"\" width=\"500\" height=\"375\" srcset=\"https:\/\/www.steinpilz-wismar.de\/cms\/wp-content\/uploads\/2019\/05\/k-K1600_Untitled-115-300x225.jpg 300w, https:\/\/www.steinpilz-wismar.de\/cms\/wp-content\/uploads\/2019\/05\/k-K1600_Untitled-115-768x576.jpg 768w, https:\/\/www.steinpilz-wismar.de\/cms\/wp-content\/uploads\/2019\/05\/k-K1600_Untitled-115.jpg 1024w\" sizes=\"auto, (max-width: 500px) 100vw, 500px\" \/><\/a><p id=\"caption-attachment-51516\" class=\"wp-caption-text\">Kleinarten, wie dieser sch\u00f6ne Goldmistpilz (Bolbitius vitellinus), wird es allerdings freuen. F\u00fcr sie reichte der Regen allemal aus. Das Standortfoto habe ich am 04.05.2019 im Wockertal bei Parchim aufgenommen. An ihm hatte es sich auch ein &#8222;Tausendf\u00fc\u00dfler&#8220; gem\u00fctlich gemacht.<\/p><\/div>\n<p style=\"text-align: justify;\"><span style=\"color: #008000;\">Sonnabend, 11. Mai &#8211; Zehn Pilzfreunde fanden sich heute morgen zu einer vom Steinpilz &#8211; Wismar organisierten Pilzwanderung ein. Ziel waren die W\u00e4lder zwischen L\u00fcbow, Levetzow und Kahlenberg, wenige Kilometer s\u00fcd\u00f6stlich der Hansestadt Wismar. Die vielf\u00e4ltigen und teils urw\u00fcchsigen Waldgesellschaften boten viel Abwechslung und abseits der Wege waren zeitweise pfadfinderische F\u00e4higkeiten und praktische Ideen zum Br\u00fcckenbau \u00fcber Wassergr\u00e4ben gefragt. Trotz der Regenf\u00e4lle in den letzten Tagen herrschten hier \u00fcberwiegend trockene Verh\u00e4ltnisse. Nur in nat\u00fcrlicherweise feuchteren Bereichen, lohnte es, sich etwas genauer umzuschauen. Hier war hin und wieder die Suche von Erfolg gekr\u00f6nt. Keine gro\u00dfen Mengen, aber immerhin zwei der wichtigsten Speisepilze des Fr\u00fchlings konnten am Standort vorgestellt und kennen gelernt werden. Maipilze und Schild &#8211; R\u00f6tlinge. Siehe unter &#8222;<span style=\"color: #800080;\">Pfadfinderische Pilzwanderung<\/span>&#8222;.<\/span><\/p>\n<p style=\"text-align: justify;\"><span style=\"color: #008000;\">Zum Wetter: f\u00fcr unsere heutige Wanderung war es ideal. Sonne, kaum Wind und angenehme Temperaturen. Sonnig soll es auch in den n\u00e4chsten Tagen bleiben, aber der Wind kann wieder auffrischen. Dazu besteht weiterhin Frostgefahr in den N\u00e4chten. Die wenige Oberfl\u00e4chenfeuchtigkeit wird sehr schnell verdunstet bzw. fort geweht werden. Wenn wir in die mittleren und s\u00fcdlichen Landesteile blicken, k\u00f6nnen wir nur neidisch werden. Regen, Regen und nochmals Regen. Teils mehr als 50 l\/qm! Das ist schon eine Hausnummer! Bei uns kann fr\u00fchestens zum n\u00e4chsten Wochenende wieder etwas nennenswertes vom Himmel fallen. Zumindest vor\u00fcbergehend kann uns von Osten her feuchtwarme, zu Schauern und Gewittern neigende Luft erreichen. Diese k\u00f6nnte aber schnell wieder von der n\u00e4chsten Polarluft verdr\u00e4ngt werden. Wollen wir trotzdem optimistisch sein, denn auch heute konnten wir keinen Schwefelporling entdecken. Demnach scheinen wir auf dem Wege zu einem guten Pilzjahr zu sein!\u00a0<\/span><\/p>\n<div id=\"attachment_51529\" style=\"width: 510px\" class=\"wp-caption aligncenter\"><a href=\"http:\/\/www.steinpilz-wismar.de\/cms\/wp-content\/uploads\/2019\/05\/k-P1140271.jpg\"><img loading=\"lazy\" decoding=\"async\" aria-describedby=\"caption-attachment-51529\" class=\"wp-image-51529\" src=\"http:\/\/www.steinpilz-wismar.de\/cms\/wp-content\/uploads\/2019\/05\/k-P1140271-300x226.jpg\" alt=\"\" width=\"500\" height=\"377\" srcset=\"https:\/\/www.steinpilz-wismar.de\/cms\/wp-content\/uploads\/2019\/05\/k-P1140271-300x226.jpg 300w, https:\/\/www.steinpilz-wismar.de\/cms\/wp-content\/uploads\/2019\/05\/k-P1140271-768x579.jpg 768w, https:\/\/www.steinpilz-wismar.de\/cms\/wp-content\/uploads\/2019\/05\/k-P1140271-1024x772.jpg 1024w, https:\/\/www.steinpilz-wismar.de\/cms\/wp-content\/uploads\/2019\/05\/k-P1140271.jpg 1040w\" sizes=\"auto, (max-width: 500px) 100vw, 500px\" \/><\/a><p id=\"caption-attachment-51529\" class=\"wp-caption-text\">Unter Rosengeh\u00f6lzen wie Schlehen, Wei\u00dfdorn, Sanddorn oder Obstb\u00e4umen k\u00f6nnen wir im Mai und Juni diese leckeren Speisepilze finden. Es handelt sich um Schild &#8211; R\u00f6tlinge (Entoloma clypeatum). Heute am Standort im Wald bei Levetzow\/Kahlenberg fotografiert.<\/p><\/div>\n<p style=\"text-align: justify;\"><span style=\"color: #008000;\"><span style=\"color: #ff0000;\">Sonntag, 12. Mai<\/span> &#8211; Heute habe ich m\u00f6glicherweise ein letztes mal in dieser Saison einige Maipilzstellen auf der Ostsee &#8211; Insel Poel aufgesucht. Es waren die selben Standorte, an denen ich schon am 1. Mai in bescheidenem Rahmen f\u00fcndig wurde. Die Standorte sind feuchter gelegen, so dass sich hier durchaus Pilze entwickeln konnten. Aber auch hier ist es nicht so \u00fcppg, wie normalerweise \u00fcblich. Die Ringe sind nicht vollst\u00e4ndig besetzt und wo kaum Vegetation vorhanden ist und zudem noch die Sonne rauf brennen kann, stocken sie immer wieder und bekommen einen Sonnenbrand. Stehen die Pilze hingegen gesch\u00fctzt unter einer dicken Rohhumusschicht, k\u00f6nnen sie sich gut entwickeln. Oft sind diese Stellen kaum zu sehen und die Pilze m\u00fcssen mit der Hand ertastet werden. Trockene und k\u00fchle Witterung l\u00e4sst die Fruchtk\u00f6rper ohnehin nur langsam wachsen, so dass es sich in diesem Jahr hinzieht. Zumindest ist die Qualit\u00e4t aber sehr gut und ohne Madenbefall. Bei warmer Trockenheit w\u00e4re das anders. Es sind auch immer noch sehr junge Exemplare dabei. Der Regen hat aber nur ausgereicht, um die vorgebildeten Fruchtk\u00f6rper zu st\u00e4rken. Da in den n\u00e4chsten Tagen kein Regen mehr in Sicht ist, d\u00fcrfte die Maipilz &#8211; Saison in diesem Jahr nicht mehr richtig in Gange kommen. Nachz\u00fcgler sind aber noch bis Mitte Juni m\u00f6glich.\u00a0<\/span><\/p>\n<div id=\"attachment_51569\" style=\"width: 510px\" class=\"wp-caption aligncenter\"><a href=\"http:\/\/www.steinpilz-wismar.de\/cms\/wp-content\/uploads\/2019\/05\/k-P1140342.jpg\"><img loading=\"lazy\" decoding=\"async\" aria-describedby=\"caption-attachment-51569\" class=\"wp-image-51569\" src=\"http:\/\/www.steinpilz-wismar.de\/cms\/wp-content\/uploads\/2019\/05\/k-P1140342-300x226.jpg\" alt=\"\" width=\"500\" height=\"377\" srcset=\"https:\/\/www.steinpilz-wismar.de\/cms\/wp-content\/uploads\/2019\/05\/k-P1140342-300x226.jpg 300w, https:\/\/www.steinpilz-wismar.de\/cms\/wp-content\/uploads\/2019\/05\/k-P1140342-768x579.jpg 768w, https:\/\/www.steinpilz-wismar.de\/cms\/wp-content\/uploads\/2019\/05\/k-P1140342-1024x772.jpg 1024w, https:\/\/www.steinpilz-wismar.de\/cms\/wp-content\/uploads\/2019\/05\/k-P1140342.jpg 1040w\" sizes=\"auto, (max-width: 500px) 100vw, 500px\" \/><\/a><p id=\"caption-attachment-51569\" class=\"wp-caption-text\">Gro\u00dfe, kr\u00e4ftige Maipilze (Calocybe gambosa) von sehr guter Qualit\u00e4t. Die Fruchtk\u00f6rper &#8211; Pulks waren teilweise vollst\u00e4ndig mit Humus bedeckt und nicht zu sehen. Vorsichtiges Ertasten der Standorte auf allen vieren war angesagt. Insgesamt kamen knapp 2 Kilo zusammen.<\/p><\/div>\n<p style=\"text-align: justify;\"><span style=\"color: #008000;\">Montag, 13. Mai &#8211; Heute habe ich wieder einige, wenige Pilzarten der Dauerausstellung hinzugef\u00fcgt, bzw. erneuert: <span style=\"color: #ff6600;\">Pflaumen &#8211; Feuerschwamm,<\/span> <span style=\"color: #ff0000;\">Gr\u00fcnbl\u00e4ttriger Schwefelkopf,<\/span> Maipilz und Spitzmorchel. Es liegen 65 Arten zur Auslage.<\/span><\/p>\n<p style=\"text-align: justify;\"><span style=\"color: #008000;\">Zum Wetter. W\u00e4hrend es bei uns in Mecklenburg in sehr k\u00fchler Luft den ganzen Tag sonnig war, zogen bei st\u00e4rkerer Quellbew\u00f6lkung \u00fcber Vorpommern von Norden her in h\u00f6henkalter Luft immer wieder Schauer hinweg. <span style=\"color: #3366ff;\">In der klaren Kaltluft, den Eisheiligen, gibt es auch heute und morgen Nacht wieder Bodenfrost.<\/span> Ab der zweiten Wochenh\u00e4lfte soll sich die Gro\u00dfwetterlage umstellen und von Osten her wird zunehmend feuchte und warme Luft heran gef\u00fchrt. In ihr soll es immer wieder <span style=\"color: #0000ff;\">Schauer <span style=\"color: #008000;\">und<\/span> <span style=\"color: #ff0000;\">Gewitter<\/span><\/span> geben, besonders in der n\u00e4chsten Woche. Schon ab Donnerstag dieser Woche k\u00f6nnen bei uns im Norden Regenwolken aufziehen. Nach <span style=\"color: #800080;\">&#8222;Wetter &#8211; Online&#8220;<\/span> soll es den ganzen Tag regnerisch sein. Nach dem Modell f\u00fcr signifikantes Wetter bei <span style=\"color: #800080;\">&#8222;Kachelmann &#8211; Wetter&#8220;<\/span> soll der Regen aber im wesentlichen s\u00fcdlich von M-V bleiben. Wir werden sehen! Auf jeden Fall scheint sich endlich pilzfreundlicheres Wetter anzubahnen und das wird auch h\u00f6chste Zeit, denn es soll ja ein gutes Pilzjahr werden. Das zumindest orakelt uns das Ausbleiben nennenswerter Schwefelporlings &#8211; Funde vor!<\/span><\/p>\n<div id=\"attachment_51596\" style=\"width: 510px\" class=\"wp-caption aligncenter\"><a href=\"http:\/\/www.steinpilz-wismar.de\/cms\/wp-content\/uploads\/2019\/05\/k-P1140359.jpg\"><img loading=\"lazy\" decoding=\"async\" aria-describedby=\"caption-attachment-51596\" class=\"wp-image-51596\" src=\"http:\/\/www.steinpilz-wismar.de\/cms\/wp-content\/uploads\/2019\/05\/k-P1140359-300x225.jpg\" alt=\"\" width=\"500\" height=\"375\" srcset=\"https:\/\/www.steinpilz-wismar.de\/cms\/wp-content\/uploads\/2019\/05\/k-P1140359-300x225.jpg 300w, https:\/\/www.steinpilz-wismar.de\/cms\/wp-content\/uploads\/2019\/05\/k-P1140359-768x576.jpg 768w, https:\/\/www.steinpilz-wismar.de\/cms\/wp-content\/uploads\/2019\/05\/k-P1140359.jpg 1024w\" sizes=\"auto, (max-width: 500px) 100vw, 500px\" \/><\/a><p id=\"caption-attachment-51596\" class=\"wp-caption-text\">Ob es so oder so beim Wetter kommt, d\u00fcrfte dem Mottenkugel &#8211; Lederrindenpilz (Skytinostroma hemidichophyticum) relativ egal sein. Der oft viele Dezimeter in resupinater Weise starkes, liegendes Totholz, insbesondere das von Weide, \u00fcberziehende Pilz, ist nicht auf Regenperioden als ausl\u00f6sendes Wachstumsmoment angewiesen. Sicher aber wird feuchtwarmes Wetter auch ihm nicht unbehaglich sein. Vor allem kann bei derartigen Verh\u00e4ltnissen der Pilz aufgrund seines unverkennbaren &#8222;Duftes&#8220; bereits errochen werden, bevor man ihn \u00fcberhaupt zu Gesicht bekommt. Das Foto entstand gestern auf der Insel Poel.<\/p><\/div>\n<p style=\"text-align: justify;\"><span style=\"color: #008000;\">Dienstag, 14. Mai &#8211; Heiter bis wolkig war es heute in weiter sehr k\u00fchler und trockener Luft. In der kommenden Nacht besteht ein letztes mal <span style=\"color: #0000ff;\">Frostgefahr<\/span>. Ab Mittwoch beginnt sich die Wetterlage umzustellen. Aus Osten sickert wolkenreiche und feuchtere Luft ein. Besonders die N\u00e4chte werden dann bis zu 10 Grad w\u00e4rmer als bisher verlaufen. Am Wochenende k\u00f6nnen wir dann auch tags\u00fcber fr\u00fchsommerliche W\u00e4rme genie\u00dfen. Obwohl es mit 20 &#8211; 25 Grad nicht \u00fcberm\u00e4\u00dfig warm werden wird, d\u00fcrften einige Menschen schon wieder in`\u00a0 St\u00f6hnen geraten und sich eine Abk\u00fchlung w\u00fcnschen, denn die Luft wird zeitweise sehr schw\u00fcl. Mit der Wetterumstellung sind ab Donnerstag auch bei uns Regenf\u00e4lle m\u00f6glich. Bei stark auffrischendem Wind d\u00fcrfte es in Richtung K\u00fcste meist trocken bleiben. Der Regen wird aus heutiger Sicht eher die s\u00fcdlichen Bereiche von M-V tangieren. <span style=\"color: #0000ff;\">Erst zum Wochenende und Anfang n\u00e4chster Woche kann es in der feuchtwarmen Luftmasse recht verbreitet zu teils <span style=\"color: #ff0000;\">unwetterartigen Gewittern<\/span> kommen<\/span>. Darin liegen nun unsere Hoffnungen. Stellenweise k\u00f6nnte es dann wirklich starke Niederschl\u00e4ge geben. Ansonsten sind vor allem wieder in S\u00fcddeutschland hohe Regenmengen angesagt.<\/span><\/p>\n<p style=\"text-align: justify;\"><span style=\"color: #008000;\">Heute habe ich mal von einer auf &#8222;Kachelmann &#8211; Wetter&#8220; ver\u00f6ffentlichten Niederschlagstabelle zwei Vergleichswerte aus M-V heraus gesucht. Demnach fielen am Kap Arkona, auf der Insel R\u00fcgen, seit Jahresbeginn 149 l\/qm. Das sollen knapp 3 Liter mehr als f\u00fcr diesen Zeitraum \u00fcblich sein! <\/span><span style=\"color: #008000;\">In Schwerin fielen bisher 161 l\/qm. In diesem Fall sind es 37 Liter zu wenig als im langj\u00e4hrigen Mittel. <\/span><span style=\"color: #008000;\">Im vergangen Jahr fielen bis zum selben Zeitpunkt in Arkona 187 l\/qm und in Schwerin 231 Liter. <\/span><span style=\"color: #008000;\">Es ist also derzeit schon trockener als im letzten Jahr um diese Zeit!<\/span><\/p>\n<div id=\"attachment_51631\" style=\"width: 510px\" class=\"wp-caption aligncenter\"><a href=\"http:\/\/www.steinpilz-wismar.de\/cms\/wp-content\/uploads\/2019\/05\/k-P1140363.jpg\"><img loading=\"lazy\" decoding=\"async\" aria-describedby=\"caption-attachment-51631\" class=\"wp-image-51631\" src=\"http:\/\/www.steinpilz-wismar.de\/cms\/wp-content\/uploads\/2019\/05\/k-P1140363-226x300.jpg\" alt=\"\" width=\"500\" height=\"663\" srcset=\"https:\/\/www.steinpilz-wismar.de\/cms\/wp-content\/uploads\/2019\/05\/k-P1140363-226x300.jpg 226w, https:\/\/www.steinpilz-wismar.de\/cms\/wp-content\/uploads\/2019\/05\/k-P1140363-768x1019.jpg 768w, https:\/\/www.steinpilz-wismar.de\/cms\/wp-content\/uploads\/2019\/05\/k-P1140363-772x1024.jpg 772w, https:\/\/www.steinpilz-wismar.de\/cms\/wp-content\/uploads\/2019\/05\/k-P1140363.jpg 784w\" sizes=\"auto, (max-width: 500px) 100vw, 500px\" \/><\/a><p id=\"caption-attachment-51631\" class=\"wp-caption-text\">Hier noch ein wohl letzter Gru\u00df von der Morchel &#8211; Front in diesem Jahr. Die makellose Spitzmorchel (Morchella conica) ist derzeit auf meiner Ausstellungsfl\u00e4che zu bewundern. Irena hatte sie am 04. Mai in Warin gefunden. Einige Tage in einer Frischhaltedose im K\u00fchlschrank gelagert, habe ich sie heute Abend auf dem Hinterhof der Pilzberatungsstelle fotografiert.<\/p><\/div>\n<p style=\"text-align: justify;\"><span style=\"color: #008000;\">Mittwoch, 15. Mai &#8211; Nach dem ich in Dobbertin mein obligatorisches Eis geschleckt hatte, ging es nach Lohmen zu meiner Mittwochsexkursion. Ich habe mir das Waldgebiet Lohmener St\u00fcde ausgesucht. Es steigt vom Lohmener See etwas an und in ihm befindet sich auch ein bronzezeitlicher H\u00fcgel\/Steingrab &#8211; Lehrpfad. Es wachsen hier haupts\u00e4chlich Kiefern und Fichten. Laubwaldbereiche oder sumpfig\/moorige Stellen sind ebenfalls vorhanden. Wir finden meist sandigen Untergrund vor. Besonders der Kiefernhang in Richtung Lohmener See ist teils ausgesprochen arm. <span style=\"color: #ff0000;\">Gr\u00fcnlinge<\/span> k\u00f6nnten im Herbst hier durchaus zu erwarten sein. Heute war es nat\u00fcrlich viel zu trocken, um brauchbare Frischpilze vorzufinden. Wenn es welche gab, waren dieses vertrocknet oder \u00fcberst\u00e4ndig. Auf jeden Fall auch ein Gebiet, welches f\u00fcr eine gef\u00fchrte Pilzwanderung durchaus geeignet w\u00e4re. <\/span><\/p>\n<hr \/>\n<p style=\"text-align: justify;\"><span style=\"color: #008000;\"><span style=\"color: #800080;\">Hier die Handvoll Arten, die ich heute aufschreiben konnte. MTB: 2338\/2 &#8211; Lohmerner St\u00fcde:<\/span> <span style=\"color: #ff6600;\">Echter Zunderschwamm, Striegeliger Schichtpilz,<\/span> Rehbrauner Dachpilz, <span style=\"color: #ff6600;\">Rotrandiger Baumschwamm, Zugespitzter Kugelpilz, Orangefarbiges Brennnesselbecherchen, Schmetterlings &#8211; Tramete, Striegelige Tramete,<\/span> Stockschw\u00e4mmchen, Judasohr, <span style=\"color: #ff6600;\">Herber Zwergkn\u00e4uling, Flacher Lackporling<\/span> <span style=\"color: #800080;\">und<\/span> <span style=\"color: #ff0000;\">Gr\u00fcnbl\u00e4ttriger Schwefelkopf.<\/span><\/span><\/p>\n<hr \/>\n<p><span style=\"color: #008000;\">Am Abend habe ich mit Irena noch eine kleine Info &#8211; Tour unternommen und wir fanden in Warin auf Rindenmulch noch einige Spitzmorcheln.<\/span><\/p>\n<div id=\"attachment_51654\" style=\"width: 510px\" class=\"wp-caption aligncenter\"><a href=\"http:\/\/www.steinpilz-wismar.de\/cms\/wp-content\/uploads\/2019\/05\/k-P1140413.jpg\"><img loading=\"lazy\" decoding=\"async\" aria-describedby=\"caption-attachment-51654\" class=\"wp-image-51654\" src=\"http:\/\/www.steinpilz-wismar.de\/cms\/wp-content\/uploads\/2019\/05\/k-P1140413-300x226.jpg\" alt=\"\" width=\"500\" height=\"377\" srcset=\"https:\/\/www.steinpilz-wismar.de\/cms\/wp-content\/uploads\/2019\/05\/k-P1140413-300x226.jpg 300w, https:\/\/www.steinpilz-wismar.de\/cms\/wp-content\/uploads\/2019\/05\/k-P1140413-768x579.jpg 768w, https:\/\/www.steinpilz-wismar.de\/cms\/wp-content\/uploads\/2019\/05\/k-P1140413-1024x772.jpg 1024w, https:\/\/www.steinpilz-wismar.de\/cms\/wp-content\/uploads\/2019\/05\/k-P1140413.jpg 1040w\" sizes=\"auto, (max-width: 500px) 100vw, 500px\" \/><\/a><p id=\"caption-attachment-51654\" class=\"wp-caption-text\">Auch die beiden Rehbraunen Dachpilze (Pluteus atricapillus) waren schon hinreichend verwelkt. 15.05.2019 &#8211; Lohmener St\u00fcde.<\/p><\/div>\n<p style=\"text-align: justify;\"><span style=\"color: #008000;\">Donnerstag, 16. Mai &#8211; Heute Mittag um 12 Uhr wurde der Monat geteilt.<span style=\"color: #3366ff;\"> Der Wonnemonat war bisher, im Gegensatz zum letzten Jahr, ausgesprochen unterk\u00fchlt, mit h\u00e4ufigen Bodenfr\u00f6sten.<\/span> Dazu auch noch viel zu trocken. Beides \u00e4ndert sich derzeit, zumindest vor\u00fcbergehend. Tiefdruck macht sich seit heute bei uns breit. <span style=\"color: #3366ff;\">Seit der vergangenen Nacht zieht immer wieder schauerartiger Regen durch. Die Niederschlagsmengen in Mecklenburg hielten sich dabei sehr in Grenzen.<\/span><span style=\"color: #0000ff;\"><span style=\"color: #3366ff;\"> Nur in Richtung Oder hat es ergiebiger geregnet. Mit dem Regen sickert nun feuchtwarme Luft ein. In ihr k\u00f6nnen sich in den n\u00e4chsten Tagen immer \u00f6fter Schauer und Gewitter bilden<\/span>.<\/span> <span style=\"color: #3366ff;\">Schwerpunktm\u00e4\u00dfig wohl im S\u00fcdwesten Deutschlands. Aber auch bei uns im Nordosten k\u00f6nnte diesbez\u00fcglich einiges m\u00f6glich sein, weil sich hier offensichtlich eine Konvergenzlinie bildet. Die einzelnen Berechnungsmodelle sehen es noch recht unterschiedlich. W\u00e4hrend der Deutsche Wetterdienst die Schauer und Gewitterneigung am Wochenende bei uns als gering einsch\u00e4tzt, rechnen andere Wettermodelle, so bei Kachelmann &#8211; Wetter, auch bei uns mit <span style=\"color: #ff0000;\">massiven Entwicklungen<\/span>, bei denen bis Mitte n\u00e4chster Woche in Mecklenburg<span style=\"color: #0000ff;\"> 30 &#8211; 50<\/span><\/span><\/span><span style=\"color: #3366ff;\"> l\/qm m\u00f6glich sind. Die Unwetterzentrale h\u00e4lt in M-V ab morgen Abend und in der Nacht zum Sonnabend erste <span style=\"color: #ff0000;\">Gewitter<\/span> f\u00fcr m\u00f6glich.<span style=\"color: #ff0000;\"> Tendenz an den Folgetagen steigend bis hin zu ausgewachsenen Unwettern mit \u00dcberflutungspotenzial!<\/span> Das Donnerwetter (mit Unterbrechungen) k\u00f6nnte bei uns im Nordosten dann bis Mitte n\u00e4chster Woche anhalten, weil sich hier die schw\u00fclwarme Luft am l\u00e4ngsten behaupten kann, w\u00e4hrend in der S\u00fcdwesth\u00e4lfte Deutschlands Anfang kommender Woche schon wieder k\u00fchlere Luft die Oberhand gewinnen soll. Danach d\u00fcrfte auch bei uns eine schrittweise Abk\u00fchlung folgen. Im weitern Verlauf k\u00f6nnte dann sogar wieder die kalte Polarluft aus Norden einflie\u00dfen. Laut Wetter &#8211; Online r\u00fcckt fr\u00fchsommerliches Wetter erneut in weite Ferne!<\/span><\/p>\n<div id=\"attachment_51658\" style=\"width: 510px\" class=\"wp-caption aligncenter\"><a href=\"http:\/\/www.steinpilz-wismar.de\/cms\/wp-content\/uploads\/2019\/05\/k-P1140443.jpg\"><img loading=\"lazy\" decoding=\"async\" aria-describedby=\"caption-attachment-51658\" class=\"wp-image-51658\" src=\"http:\/\/www.steinpilz-wismar.de\/cms\/wp-content\/uploads\/2019\/05\/k-P1140443-300x226.jpg\" alt=\"\" width=\"500\" height=\"377\" srcset=\"https:\/\/www.steinpilz-wismar.de\/cms\/wp-content\/uploads\/2019\/05\/k-P1140443-300x226.jpg 300w, https:\/\/www.steinpilz-wismar.de\/cms\/wp-content\/uploads\/2019\/05\/k-P1140443-768x579.jpg 768w, https:\/\/www.steinpilz-wismar.de\/cms\/wp-content\/uploads\/2019\/05\/k-P1140443-1024x772.jpg 1024w, https:\/\/www.steinpilz-wismar.de\/cms\/wp-content\/uploads\/2019\/05\/k-P1140443.jpg 1040w\" sizes=\"auto, (max-width: 500px) 100vw, 500px\" \/><\/a><p id=\"caption-attachment-51658\" class=\"wp-caption-text\">Diese Spitzmorcheln (Morchella conica) habe ich heute morgen in Keez fotografiert. Gefunden gestern Abend auf Rindenmulch &#8211; Beeten in Warin. Da ich keine Kamera mit hatte, gab es leider kein Standortfoto. Ob das nun wirklich der letzte Gru\u00df von der Morchel &#8211; Front war? &#8211; Warten wir`s ab!<\/p><\/div>\n<p style=\"text-align: justify;\"><span style=\"color: #008000;\">Freitag, 17. Mai &#8211; <span style=\"color: #0000ff;\">Der gestrige Regen hat besonders im S\u00fcdosten von Vorpommern um 20 l\/qm gebracht<\/span>. Bei uns in Mecklenburg waren die s\u00fcdlichen Bereiche etwas bevorzugt, aber nirgendwo anders als in den genannten Bereichen von Vorpommern, hat es ausgereicht, um auch nur ansatzweise einen kleinen Grundstock f\u00fcr einen ersten, zaghaften Wachstumsschub zu legen. <span style=\"color: #0000ff;\">Nun werden wir von morgen an bis zum Dienstag <span style=\"color: #ff0000;\">Gewitter &#8211; Erwartungsgebiet<\/span> sein.<\/span> Das Super HD &#8211; Modell von &#8222;Kachelmann &#8211; Wetter&#8220; zeigt derzeit auch in M-V eine recht hohe Gewitterbereitschaft an. Aus aktueller Berechnung (19.00 Uhr) k\u00f6nnen wir morgen zwischen <span style=\"color: #ff0000;\">14.00 und 18.00 Uhr<\/span> mit einigen Entwicklungen rechnen. Beginnend in Vorpommern und nach Westen ausbreitend. Am Sonntag rechnet das Modell wie folgt: <span style=\"color: #ff0000;\">zwischen 13.00 und 18.00 Uhr verbreitet Gewitter<\/span>, besonders im S\u00fcden von M-V. Auch Abends und Nachts noch vereinzelt mit erh\u00f6hter Nebelneigung. Am Montag und Dienstag dann generell im Nordosten Deutschlands hohe Gewittergefahr mit Starkregen! Wirklich ergiebige Niederschl\u00e4ge werden aus heutiger Sicht allerdings vorzugsweise f\u00fcr Brandenburg und Sachsen &#8211; Anhalt gerechnet. Mecklenburg wird im Schnitt wohl bis Dienstag Abend mit 5 &#8211; 10 l\/qm vorlieb nehmen d\u00fcrfen. Das reicht bei weitem nicht! Aber warten wir es ab. Sollten einige kr\u00e4ftige Gewitter dabei sein, k\u00f6nnen sie stellenweise trotzdem hohe Regenmengen zustande bringen.<\/span><\/p>\n<div id=\"attachment_51678\" style=\"width: 510px\" class=\"wp-caption aligncenter\"><a href=\"http:\/\/www.steinpilz-wismar.de\/cms\/wp-content\/uploads\/2019\/05\/k-P1140420.jpg\"><img loading=\"lazy\" decoding=\"async\" aria-describedby=\"caption-attachment-51678\" class=\"wp-image-51678\" src=\"http:\/\/www.steinpilz-wismar.de\/cms\/wp-content\/uploads\/2019\/05\/k-P1140420-300x227.jpg\" alt=\"\" width=\"500\" height=\"378\" srcset=\"https:\/\/www.steinpilz-wismar.de\/cms\/wp-content\/uploads\/2019\/05\/k-P1140420-300x227.jpg 300w, https:\/\/www.steinpilz-wismar.de\/cms\/wp-content\/uploads\/2019\/05\/k-P1140420-768x581.jpg 768w, https:\/\/www.steinpilz-wismar.de\/cms\/wp-content\/uploads\/2019\/05\/k-P1140420-1024x775.jpg 1024w, https:\/\/www.steinpilz-wismar.de\/cms\/wp-content\/uploads\/2019\/05\/k-P1140420.jpg 1052w\" sizes=\"auto, (max-width: 500px) 100vw, 500px\" \/><\/a><p id=\"caption-attachment-51678\" class=\"wp-caption-text\">Noch ein Foto von gestern. Es entstand in der Lohmener St\u00fcde. Das Gebiet geh\u00f6rt zur Seeblickregion. Der Rotrandige Baumschwamm (Fomitopsis pinicola) wuchs hier an einem alten, liegenden Kiefernstamm.<\/p><\/div>\n<p style=\"text-align: justify;\"><span style=\"color: #008000;\">Sonnabend, 18. Mai &#8211; Heute kam endlich mal zumindest eine Vorahnung auf den kommenden Sommer auf. Die Luft war warm und angenehm, wenn auch etwas feucht. So bildeten sich ab dem sp\u00e4ten Vormittag zahlreiche Quellwolken und wie vorherberechnet entstanden genau um 13.00 Uhr die ersten Schauerzellen am Oderhaff. Rasch kamen neue hinzu, die von S\u00fcdost nach Nordwest \u00fcber M-V entlang einer Konvergenz zogen. Dabei kam es allerdings nur ganz vereinzelt zu einem kurzen, aber heftigen Regenguss. Im Grunde k\u00f6nnen wir das heutige Geschehen vergessen. Bis Mitte n\u00e4chster Woche soll sich nun diagonal \u00fcber Deutschland eine Luftmassengrenze etablieren, an der es gebietsweise zu<span style=\"color: #0000ff;\"> sehr starken Regenf\u00e4llen<\/span> kommen kann. Die Lage der Starkregengebiete wird derzeit aber au\u00dferhalb von M-V berechnet. Regen bekommen aber auch wir, meist allerdings in Form von Schauern und Gewittern. Hier gibt es nur die Hoffnung, dass sich mal gr\u00f6\u00dfere Cluster bilden und zumindest stellenweise ergiebige Mengen produzieren. W\u00e4hrend Wetter &#8211; Online morgen bei uns nur eine geringe Gewittergefahr sieht, rechnen es derzeit einige Wettermodelle ganz anders. So z. B. das Rapid HD &#8211; Modell von Kachelmann &#8211; Wetter. <span style=\"color: #ff0000;\">Ab etwa 17.00 Uhr verbreitet, teils kr\u00e4ftige Gewitter in Mecklenburg!<\/span> Das Super HD sieht nur <span style=\"color: #ff0000;\">einzelne Gewitter<\/span> bei uns. Des weiteren sehen diese Modelle Gewitter in der Nacht von Montag zu Dienstag von S\u00fcdosten her. Das EU &#8211; Modell rechnet sogar verbreitet mit Blitz und Donner. Zum Teil starke Gewitter rechnet dieses Modell in der Nacht von Dienstag auf Mittwoch in<\/span> <span style=\"color: #008000;\">Vorpommern. Das ganze kann sich nat\u00fcrlich jederzeit \u00e4ndern, sobald die neuesten Daten eingerechnet wurden. Auf jedenfall stehen wir auch die n\u00e4chste Zeit weiterhin unter Tiefdruckeinfluss, so dass ich hoffe, das auch unsere Einzugsgebiete in absehbarer Zeit mal richtig durchtr\u00e4nkt werden! Zumindest wird der akkumulierte Niederschlag, der innerhalb der n\u00e4chsten 14 Tage in Mecklenburg fallen kann, derzeit um die 60 l\/qm berechnet. In S\u00fcddeutschland k\u00f6nnen es im selben Zeitraum gebietsweise bis etwa 250 Liter sein! <span style=\"color: #0000ff;\">\u00dcberschwemmungsgefahr!<\/span><br \/>\n<\/span><\/p>\n<div id=\"attachment_51700\" style=\"width: 510px\" class=\"wp-caption aligncenter\"><a href=\"http:\/\/www.steinpilz-wismar.de\/cms\/wp-content\/uploads\/2019\/05\/k-P1140456.jpg\"><img loading=\"lazy\" decoding=\"async\" aria-describedby=\"caption-attachment-51700\" class=\"wp-image-51700\" src=\"http:\/\/www.steinpilz-wismar.de\/cms\/wp-content\/uploads\/2019\/05\/k-P1140456-300x225.jpg\" alt=\"\" width=\"500\" height=\"375\" srcset=\"https:\/\/www.steinpilz-wismar.de\/cms\/wp-content\/uploads\/2019\/05\/k-P1140456-300x225.jpg 300w, https:\/\/www.steinpilz-wismar.de\/cms\/wp-content\/uploads\/2019\/05\/k-P1140456-768x576.jpg 768w, https:\/\/www.steinpilz-wismar.de\/cms\/wp-content\/uploads\/2019\/05\/k-P1140456.jpg 1024w\" sizes=\"auto, (max-width: 500px) 100vw, 500px\" \/><\/a><p id=\"caption-attachment-51700\" class=\"wp-caption-text\">Den ganzen Nachmittag brodelte es kr\u00e4ftig, Schauer waren aber leider die Ausnahme.<\/p><\/div>\n<p style=\"text-align: justify;\"><span style=\"color: #008000;\"><span style=\"color: #ff0000;\">Sonntag, 19. Mai<\/span> &#8211; Heiter bis wolkig und angenehm warm pr\u00e4sentierte sich der heutige Sonntag in Wismar. Nennenswerte Schauer und Gewitter beschr\u00e4nkten sich auf den Vorpommerschen Raum. Bei uns hatten die teils ansehnlichen Quellwolken nur dekorative Funktion. Wo es aber Gewitter gab, vor allem in S\u00fcd &#8211; und Mitteldeutschland, hie\u00df es regional Land unter. Ganze Ortschaften mussten angesichts der Regen und Hagelmassen zeitweilig zur Sperrzone erkl\u00e4rt werden. Und das war erst der Anfang. Bis Mittwoch drohen in der Mitte und vor allem im Stau der Alpen enorme Regenmengen! \u00dcberschwemmungen werden dann wohl nicht nur \u00f6rtlichen Charakter haben. Aus heutiger Sicht wird bei uns in Mecklenburg auch in den kommenden Tagen nichts gro\u00dfartiges vom Himmel kommen, auch wenn Schauer\/Gewitter und Regen weiterhin m\u00f6glich sind. Wir werden wohl, wenn alle anderen vor all dem Wasser st\u00f6hnen, weiterhin mit relativer Trockenheit Leben m\u00fcssen!<\/span><\/p>\n<p style=\"text-align: center;\"><span style=\"color: #008000;\">So hatten wir heute zu unserer exklusiven Stadtf\u00fchrung f\u00fcr die Pilzfreunde der Gemeinn\u00fctzigen Gesellschaft Wismar e.V. bestes Wetter.<\/span><\/p>\n<div id=\"attachment_51725\" style=\"width: 510px\" class=\"wp-caption aligncenter\"><a href=\"http:\/\/www.steinpilz-wismar.de\/cms\/wp-content\/uploads\/2019\/05\/k-P1140525.jpg\"><img loading=\"lazy\" decoding=\"async\" aria-describedby=\"caption-attachment-51725\" class=\"wp-image-51725\" src=\"http:\/\/www.steinpilz-wismar.de\/cms\/wp-content\/uploads\/2019\/05\/k-P1140525-300x225.jpg\" alt=\"\" width=\"500\" height=\"375\" srcset=\"https:\/\/www.steinpilz-wismar.de\/cms\/wp-content\/uploads\/2019\/05\/k-P1140525-300x225.jpg 300w, https:\/\/www.steinpilz-wismar.de\/cms\/wp-content\/uploads\/2019\/05\/k-P1140525-768x576.jpg 768w, https:\/\/www.steinpilz-wismar.de\/cms\/wp-content\/uploads\/2019\/05\/k-P1140525.jpg 1024w\" sizes=\"auto, (max-width: 500px) 100vw, 500px\" \/><\/a><p id=\"caption-attachment-51725\" class=\"wp-caption-text\">Hier vor dem Stammhaus der Rudolf Karstadt AG. Gegen\u00fcber befand sich viele Jahre die damalige, st\u00e4dtische Pilzberatungsstelle.<\/p><\/div>\n<p style=\"text-align: justify;\"><span style=\"color: #008000;\">Montag, 20. Mai &#8211; In der vergangenen Nacht nebelte es sich ein. Ein Zeichen, dass derzeit sehr viel Feuchtigkeit in der Atmosph\u00e4re vorhanden ist. Diese wird vom aktuellen <span style=\"color: #ff0000;\">Unwettertief Axel<\/span> aus dem \u00f6stlichen Mittelmeerraum von S\u00fcdosten her zu uns gelenkt. <span style=\"color: #0000ff;\">Dabei kommt es weiterhin und in zunehmenden Ma\u00dfe zu verbreitetem Starkregen und teils <span style=\"color: #ff0000;\">heftigen Gewittern<\/span>. In Sachsen, bei Leipzig, gab es offensichtlich heute sogar einen <span style=\"color: #ff00ff;\">Tornado.<\/span> <span style=\"color: #ff0000;\">Am Nachmittag spannte sich eine riesige Gewitterfront von der Adria bis nach Berlin\/Brandenburg hoch, mit hunderttausenden Blitzen!<\/span> Auch au\u00dferhalb davon gab es im mittleren Deutschland zahlreiche Gewitter. Derzeit zieht ein Regengebiet mit einer eingelagerten <span style=\"color: #ff0000;\">Gewitterfront<\/span> von Vorpommern in Richtung Mecklenburg.<\/span> Das Super &#8211; HD von Kachelmann &#8211; Wetter rechnet aber die derzeit noch aktiven Gewitter in den n\u00e4chsten Stunden raus, so dass am Abend und in der Nacht nur noch die Reste bei uns ausregnen k\u00f6nnen. Vielleicht werden es 2 &#8211; 5 l\/qm. Das k\u00f6nnen wir in den Skat dr\u00fccken! Fast \u00fcberall in Deutschland\u00a0 sch\u00fcttet es was das Zeug h\u00e4lt, selbst Vorpommern d\u00fcrfte inzwischen Grundsteinlegendes erhalten haben, nur wir bleiben au\u00dfenvor. Und da wird auch in den n\u00e4chsten Tagen nicht mehr viel Hoffnung sein.<\/span><\/p>\n<div id=\"attachment_51738\" style=\"width: 510px\" class=\"wp-caption aligncenter\"><a href=\"http:\/\/www.steinpilz-wismar.de\/cms\/wp-content\/uploads\/2019\/05\/k-P1140460.jpg\"><img loading=\"lazy\" decoding=\"async\" aria-describedby=\"caption-attachment-51738\" class=\"wp-image-51738\" src=\"http:\/\/www.steinpilz-wismar.de\/cms\/wp-content\/uploads\/2019\/05\/k-P1140460-300x225.jpg\" alt=\"\" width=\"500\" height=\"375\" srcset=\"https:\/\/www.steinpilz-wismar.de\/cms\/wp-content\/uploads\/2019\/05\/k-P1140460-300x225.jpg 300w, https:\/\/www.steinpilz-wismar.de\/cms\/wp-content\/uploads\/2019\/05\/k-P1140460-768x576.jpg 768w, https:\/\/www.steinpilz-wismar.de\/cms\/wp-content\/uploads\/2019\/05\/k-P1140460.jpg 1024w\" sizes=\"auto, (max-width: 500px) 100vw, 500px\" \/><\/a><p id=\"caption-attachment-51738\" class=\"wp-caption-text\">Aber was soll`s! Begn\u00fcgen wir uns mit solchen Kleinarten, wie dem Bitteren Zapfenr\u00fcbling (Strobilurus tenacellus). Dort, wo es von Haus aus etwas feuchter ist, wird der wenige Regen zumindest f\u00fcr einige kleine Gro\u00dfpilze ausreichen. Das Foto habe ich am 18.05.2019 im Forst Farpen bei Neuburg aufgenommen.<\/p><\/div>\n<p style=\"text-align: justify;\"><span style=\"color: #008000;\">Dienstag, 21. Mai &#8211; Tief Axel dreht auch heute Abend noch seine Runden mit Regenf\u00e4llen und Gewittern \u00fcber Deutschland. Ihm geht aber ab morgen die Puste aus und das Wetter soll sich beruhigen. Hier einige Messwerte aus M-V der letzten drei Tage. Kirchdorf, auf der Insel Poel und Goldberg: 3 l\/qm, Rostock: 5,5 l\/qm, Boltenhagen: 7 l\/qm und Spitzenreiter <span style=\"color: #0000ff;\">Anklam mit 30 Litern<\/span>. Nur letzterer Wert hat wirklich Substanz. Nat\u00fcrlich wird es in Vorpommern auch anderen Orts noch vergleichbare Mengen gegeben haben. In Mecklenburg geht es relativ trocken weiter. Aber was soll`s, wir haben ja erst Ende Mai. Genug Hoffnung auf bessere Zeiten bez\u00fcglich Niederschlag sollten da noch drin sein. Immerhin soll es auch mittelfristig in Verbindung mit neuen Tiefs Regen geben. Sp\u00e4testens im laufe des Juni sollte es endlich klappen, denn wir erwarten ja ein gutes Pilzjahr!?<\/span><\/p>\n<div id=\"attachment_51747\" style=\"width: 510px\" class=\"wp-caption aligncenter\"><a href=\"http:\/\/www.steinpilz-wismar.de\/cms\/wp-content\/uploads\/2019\/05\/k-P1140213.jpg\"><img loading=\"lazy\" decoding=\"async\" aria-describedby=\"caption-attachment-51747\" class=\"wp-image-51747\" src=\"http:\/\/www.steinpilz-wismar.de\/cms\/wp-content\/uploads\/2019\/05\/k-P1140213-300x225.jpg\" alt=\"\" width=\"500\" height=\"375\" srcset=\"https:\/\/www.steinpilz-wismar.de\/cms\/wp-content\/uploads\/2019\/05\/k-P1140213-300x225.jpg 300w, https:\/\/www.steinpilz-wismar.de\/cms\/wp-content\/uploads\/2019\/05\/k-P1140213-768x576.jpg 768w, https:\/\/www.steinpilz-wismar.de\/cms\/wp-content\/uploads\/2019\/05\/k-P1140213.jpg 1024w\" sizes=\"auto, (max-width: 500px) 100vw, 500px\" \/><\/a><p id=\"caption-attachment-51747\" class=\"wp-caption-text\">Der Pflaumen &#8211; Feuerschwamm (Phellinus tuberculosus) ben\u00f6tigt kein Regen als Wachstumsausl\u00f6ser. Er nimmt sich seine Nahrung aus dem Holz. So werde ich bei meiner morgigen Mittwochsexkursion insbesondere auf Holzpilze achten m\u00fcssen. Das Foto entstand am 11. Mai am Schmiedeteich bei L\u00fcbow.<\/p><\/div>\n<p style=\"text-align: justify;\"><span style=\"color: #008000;\">Mittwoch, 22. Mai &#8211; Das Naturschutzgebiet Mildenitz &#8211; Durchbruchstal und Kl\u00e4dener Plage war heute Ziel meiner Mittwochsexkursion. Es geh\u00f6rt in den Messtischblatt &#8211; Quadranten 2338\/3. Nat\u00fcrlich waren wir hier schon \u00f6fters unterwegs, aber man kann diesem tollen, landschaftlich urw\u00fcchsigen Gebiet nicht oft genug einen Besuch abstatten. Auch pilztechnisch, sowohl f\u00fcr Mykophagen wie auch f\u00fcr Mykologen, ein hervorragendes Eldorado. Selbst eine unserer Nachtwanderungen f\u00fchrte schon hier her. Frischpilze konnte ich heute nur an Holz finden, n\u00e4mlich<span style=\"color: #ff6600;\"> Mai &#8211; Stielporlinge,<\/span> Sklerotien &#8211; Porlinge und <span style=\"color: #ff6600;\">Getigerte S\u00e4gebl\u00e4ttlinge<\/span>. Aber ich denke, dass d\u00fcrfte sich bald \u00e4ndern. Der Wald war in diesem Bereich tiefgr\u00fcndig durchfeuchtet. So sehr ich mich auch bem\u00fchte, \u00fcberall auf den sandigen Wegen und auch unter belaubten B\u00e4umen konnte ich nichts trockenes mehr feststellen. Es hatte hier also gut geregnet, obwohl im nicht fernen Goldberg in den letzten Tagen nur gut 3 l\/qm gemessen wurden. Aber in den schauereartigen Regengebieten waren durchaus auch intensivere Bereiche mit eingelagert und das offizielle Me\u00dfnetz kann nicht alle Werte erfassen. So meldete gestern Kirchdorf, auf der Insel Poel, 3 Liter, heute sind noch 16 dazu gekommen. Nachts und vor allem von<\/span> <span style=\"color: #008000;\">heute morgen bis zum Mittag hatte sich ein kleinr\u00e4umiges Regengebiet rund um die Wismarbucht festgesetzt und lie\u00df es entsprechend und recht ergiebig regnen. Besser hat es aber noch Schleswig &#8211; Holstein getroffen. In einem Dreieck zwischen Kiel, L\u00fcbeck und Hamburg fielen verbreitet 20 &#8211; 30 l\/m. Ich denke, wir sollten nun erst einmal nicht mehr jammern. Es hat, wenn auch nicht \u00fcberall gleich viel, f\u00fcrs erste ganz gut geregnet. Da kein Dauersonnenschein und auch keine trockene Hitzewelle in Sicht ist, sondern eher weiterer Regen, wollen wir hoffen, dass es allm\u00e4hlich besser wird, denn wir erwarten ja ein gutes Pilzjahr! &#8211; \u00dcbrigens, die Artenliste von heute erscheint unter &#8222;Mittwochsexkursion am 22.05.2019&#8220;<\/span><\/p>\n<div id=\"attachment_51755\" style=\"width: 510px\" class=\"wp-caption aligncenter\"><a href=\"http:\/\/www.steinpilz-wismar.de\/cms\/wp-content\/uploads\/2019\/05\/k-Rotkappe-klein.jpg\"><img loading=\"lazy\" decoding=\"async\" aria-describedby=\"caption-attachment-51755\" class=\"wp-image-51755\" src=\"http:\/\/www.steinpilz-wismar.de\/cms\/wp-content\/uploads\/2019\/05\/k-Rotkappe-klein-300x227.jpg\" alt=\"\" width=\"500\" height=\"378\" srcset=\"https:\/\/www.steinpilz-wismar.de\/cms\/wp-content\/uploads\/2019\/05\/k-Rotkappe-klein-300x227.jpg 300w, https:\/\/www.steinpilz-wismar.de\/cms\/wp-content\/uploads\/2019\/05\/k-Rotkappe-klein-768x581.jpg 768w, https:\/\/www.steinpilz-wismar.de\/cms\/wp-content\/uploads\/2019\/05\/k-Rotkappe-klein-1024x775.jpg 1024w, https:\/\/www.steinpilz-wismar.de\/cms\/wp-content\/uploads\/2019\/05\/k-Rotkappe-klein.jpg 1052w\" sizes=\"auto, (max-width: 500px) 100vw, 500px\" \/><\/a><p id=\"caption-attachment-51755\" class=\"wp-caption-text\">Bez\u00fcglich gutes Pilzjahr kann uns Christian Ehmke bereits hoffnungsvoll stimmen. Er hat die erste Rotkappe des Jahres entdeckt und fotografiert. Es handelt sich um die Espen &#8211; Rotkappe (Leccinum rufum). Rotkappen k\u00f6nnen sich auch bei trockenen Verh\u00e4ltnissen entwickeln, \u00e4hnlich wie unsere Flockenstieligen Hexen &#8211; R\u00f6hrlinge. Und f\u00fcr die ersten Rotkappen ist der Zeitraum Ende Mai\/Anfang Juni gerade richtig.<\/p><\/div>\n<p style=\"text-align: justify;\"><span style=\"color: #008000;\">Donnerstag, 23. Mai &#8211; Noch mal zu oben gezeigter Rotkappe einige Betrachtungen meinerseits. Christian hat sie als Wei\u00dfschuppige Rotkappe (Leccinum albidostipitata\/leucopodium) bestimmt. Eine solche Art soll tats\u00e4chlich existieren und vor allem in Bergl\u00e4ndern vorkommen. Ich bin in der Betrachtung unserer, unter Zitterpappeln vorkommenden Rotkappen, so auch bei dieser, der Meinung, dass es sich um die ganz normale Espen &#8211; Rotkappe (Leccinum aurantiacum) handelt. Nach meinen Beobachtungen sind die Stielschuppen der Espen &#8211; Rotkappe bei g\u00fcnstigen Wachstumsbedingungen zun\u00e4chst immer wei\u00df und f\u00e4rben erst mit zunehmenden Alter rotbr\u00e4unlich ein. Auch ung\u00fcnste Wetterreize f\u00fchren zu einer raschen Verf\u00e4rbung (Trockenheit, Wind, Frost). So ist dieses Exemplar bereits bei der ung\u00fcnstigen, kalten und windigen Wetterlage in der vergangenen Woche erschienen und hat, wie bei dem gezeigten Exemplar eindrucksvoll nachzuvollziehen, bei Einsetzen der windschwachen und feuchtwarmen<\/span> <span style=\"color: #008000;\">Witterung durch Tief Axel einen rasanten Wachstumsschub erfahren. Bei trockener Luft und windigem Wetter strecken sich die Fruchtk\u00f6rper kaum und warten auf bessere Zeiten. Dadurch haben sich die Sch\u00fcppchen im unteren Stielabschnitt bereits rotbr\u00e4unlich verf\u00e4rbt. Ich mache mir deshalb Gedanken, weil Chef &#8211; Kartierer Benno Westphal im vergangenen Jahr von mir Daten und Fotos von der Wei\u00dfschuppigen Rotkappe haben wollte. Ich sandte ihm nat\u00fcrlich welche zu mit wei\u00dfen und rotbr\u00e4unlichen Schuppen am Stiel, die alle am selben Standort, also sehr wahrscheinlich auch aus dem selben Myzel stammten. Gleichzeitig m\u00f6chte ich die Praxis anzweifeln, die Eichen- und die Pappel &#8211; Rotkappe zu ein und der selben Art zu erkl\u00e4ren, n\u00e4mlich zur Laubwald &#8211; Rotkappe. Was soll dieser Irrsinn? Dann d\u00fcrfen wir die Birken &#8211; Rotkappe auch gleich dazu legen, denn meines Wissens ist auch die Birke ein Laubbaum! Das die Eichen &#8211; Rotkappe nicht immer bei Eiche wachsen muss, hat vor einigen Jahren bereits unser Vereinsmitglied Andreas Herchenbach festgestellt. Er fand waschechte Eichen &#8211; Rotkappen in reinem Buchenwald. Diese hatten aber schon farblich und habituell nicht viel mit hier gezeigter Espen &#8211; Rotkappe gemein. Ihre Stielbeschuppung ist von Anfang an kr\u00e4ftig rotbr\u00e4unlich, wie \u00fcberhaupt der ganze Fruchtk\u00f6rper viel dunkler ist. Also kann die Espen &#8211; Rotkappe keinesfalls mit der Eichen &#8211; Rotkappe zusammen gelegt und zur Laubwald &#8211; Rotkappe vereinigt werden! Jedenfalls nicht augenscheinlich. Ein Foto von Andreas ist in der Rubrik &#8222;R\u00f6hrlinge&#8220; Teil 1 zu finden.<\/span><\/p>\n<p style=\"text-align: center;\"><strong><span style=\"color: #800080;\">\u00dcbrigens ist heute endlich der Bericht von unserem Fr\u00fchlingsseminar bei Parchim zum Abschluss gelangt.<\/span><\/strong><\/p>\n<div id=\"attachment_51812\" style=\"width: 510px\" class=\"wp-caption aligncenter\"><a href=\"http:\/\/www.steinpilz-wismar.de\/cms\/wp-content\/uploads\/2019\/05\/k-P1140864.jpg\"><img loading=\"lazy\" decoding=\"async\" aria-describedby=\"caption-attachment-51812\" class=\"wp-image-51812\" src=\"http:\/\/www.steinpilz-wismar.de\/cms\/wp-content\/uploads\/2019\/05\/k-P1140864-300x225.jpg\" alt=\"\" width=\"500\" height=\"375\" srcset=\"https:\/\/www.steinpilz-wismar.de\/cms\/wp-content\/uploads\/2019\/05\/k-P1140864-300x225.jpg 300w, https:\/\/www.steinpilz-wismar.de\/cms\/wp-content\/uploads\/2019\/05\/k-P1140864-768x576.jpg 768w, https:\/\/www.steinpilz-wismar.de\/cms\/wp-content\/uploads\/2019\/05\/k-P1140864.jpg 1024w\" sizes=\"auto, (max-width: 500px) 100vw, 500px\" \/><\/a><p id=\"caption-attachment-51812\" class=\"wp-caption-text\">Auch diese beiden Sklerotien &#8211; Porlinge (Polyporus tuberaster) haben von der feuchtwarmen und windschwachen Witterung profitiert. Au\u00dferdem auch von einem besonders gesch\u00fctzten Standort im Mildenitztal mit viel Totholz. Die Pilze waren wirklich makellos und sogar noch richtig zart, was ich nur selten bei diesem Stielporling beobachten kann. In diesem Zustand h\u00e4tte selbst ich einmal einen Speiseversuch mit der angeblich schmackhaften, aber meist ziemlich z\u00e4hfleischigen Art unternommen. Die Pilze waren so sch\u00f6n, dass ich mich weigerte sie mitzunehmen. Au\u00dferdem standen sie auch in einem Naturschutzgebiet. Standortfoto am 22.05.2019.<\/p><\/div>\n<p style=\"text-align: justify;\"><span style=\"color: #008000;\">Freitag, 24. Mai &#8211; Gestern Abend fuhr unsere Pilzfreundin Angelika Boniakowski, obwohl gerade von einer Polen &#8211; Reise zur\u00fcck, noch erfolgreich in die Pilze. Mit dem Fahrrad ging es zusammen mit Wilhelm, welcher sie vor vielen Jahren geehelicht hatte, in ein nahes Waldgebiet. Die Ver\u00f6ffentlichung von Christian Ehmkes Rotkappen &#8211; Fund lie\u00df ihr keine Ruhe, sie mu\u00dfte eine ihrer Rotkappen &#8211; Standorte inspizieren. Im Handumdrehen war das Mittag f\u00fcr heute eingesammelt. Immerhin waren es 7 Espen &#8211; Rotkappen! Ich muss sagen, diese Rauhstiel &#8211; R\u00f6hrlinge sind in diesem Jahr \u00fcberaus p\u00fcnktlich. Sie bekommen traditionell Ende Mai\/Anfang Juni ihren ersten Wachstumsschub. Mal mehr, mal weniger deutlich. Und da macht es auch nicht viel aus, dass es in der letzten Zeit f\u00fcr viele Pilzarten einfach zu trocken war. \u00c4hnlich wie beispielsweise Flockenstielige Hexen &#8211; R\u00f6hrlinge kommen sie mit trockenen Verh\u00e4ltnissen ganz gut klar. Zu dem kommt offensichtlich noch hinzu, dass es in der letzten Zeit deutlich zu k\u00fchl war. Das m\u00f6gen Rotkappen durchaus, denn sie werden, je weiter man nach Norden, sprich Skandinavien kommt, immer h\u00e4ufiger. Also gute Bedingungen derzeit f\u00fcr Rotkappen, und Fans dieser leckeren und ergiebigen Speisepilze sollten unbedingt ihre Stellen kontrollieren! Den<\/span> <span style=\"color: #008000;\">Hexen &#8211; R\u00f6hrlingen k\u00f6nnte es allerdings doch zu frisch gewesen sein, so dass sie sich momentan bei uns wohl noch zur\u00fcck halten. Und ungew\u00f6hnlich kalt f\u00fcr die fortgeschrittene Jahreszeit soll es wieder in der kommenden Woche werden. Von Norden her wird nun wieder zunehmend Polarluft angezapft. Mit ihr soll aber reichlich Feuchtigkeit im Gefolge sein, so dass es h\u00e4ufig regnen oder Schauern kann. Und das ist schlie\u00dflich auch das Wichtigste!<\/span><\/p>\n<div id=\"attachment_51850\" style=\"width: 510px\" class=\"wp-caption aligncenter\"><a href=\"http:\/\/www.steinpilz-wismar.de\/cms\/wp-content\/uploads\/2019\/05\/k-P1140894.jpg\"><img loading=\"lazy\" decoding=\"async\" aria-describedby=\"caption-attachment-51850\" class=\"wp-image-51850\" src=\"http:\/\/www.steinpilz-wismar.de\/cms\/wp-content\/uploads\/2019\/05\/k-P1140894-300x226.jpg\" alt=\"\" width=\"500\" height=\"377\" srcset=\"https:\/\/www.steinpilz-wismar.de\/cms\/wp-content\/uploads\/2019\/05\/k-P1140894-300x226.jpg 300w, https:\/\/www.steinpilz-wismar.de\/cms\/wp-content\/uploads\/2019\/05\/k-P1140894-768x579.jpg 768w, https:\/\/www.steinpilz-wismar.de\/cms\/wp-content\/uploads\/2019\/05\/k-P1140894-1024x772.jpg 1024w, https:\/\/www.steinpilz-wismar.de\/cms\/wp-content\/uploads\/2019\/05\/k-P1140894.jpg 1040w\" sizes=\"auto, (max-width: 500px) 100vw, 500px\" \/><\/a><p id=\"caption-attachment-51850\" class=\"wp-caption-text\">Morcheln, die auf Rindenmulch wachsen, haben es in diesem Jahr besonders schwer. Es wurden im Februar und M\u00e4rz an entsprechenden Standorten durch das milde Wetter viele Primordien angelegt, die sich dann besonders Ende M\u00e4rz\/Anfang April noch gut entwickeln konnten. Fruchtk\u00f6rper &#8211;\u00a0 Anlagen, die etwas sp\u00e4ter nachschieben wollten, hatten es immer schwerer. Gab es mal etwas Wasser von oben, streckten sie sich kleckerweise. Und dieses Szenario h\u00e4lt bis zum heutigen Tag an. Gestern wurde mir jedenfalls noch eine ordentliche, halbwegs frische Spitzmorchel aus Neukloster vorgelegt. Dieses Bild entstand aber auf meiner Ausstellungsfl\u00e4che. Die Pilze haben wir am 15.05.2019 in Warin eingesammelt.<\/p><\/div>\n<p style=\"text-align: justify;\"><span style=\"color: #008000;\">Sonnabend, 25. Mai &#8211; Eine \u00f6ffentliche Pilzwanderung f\u00fchrte uns heute in den Klappenkrug bei Ventschow. Ein kleineres Waldgebiet mit \u00fcberwiegendem Laubwald &#8211; Anteil. Die moderaten Regenf\u00e4lle der zur\u00fcck liegenden Tage zeitigten bereits Wirkung. Es war einiges an Kleinzeug unterwegs, allen voran verschiedene Tintlinge. Aber auch M\u00fcrblinge, Ackerlinge, Dachpilze und R\u00fcblinge. Insbesondere auf von Natur aus feuchterem Untergrund oder l\u00e4ngst bzw. auf den Mittelstreifen der Waldwege. Ich denke, sollte es in der n\u00e4chsten Zeit, wie voraus gesagt, weitere Niederschl\u00e4ge geben und es rollt keine trockene Hochdrucklage oder gar eine Hitzewelle auf uns zu, kann es in den n\u00e4chsten Tagen und Wochen deutlich aufw\u00e4rts gehen. Damit meine ich die Artenvielfalt an Frischpilzen allgemein und nicht einen gro\u00dfen Schub von Sommerr\u00f6hrlingen. Denen d\u00fcrfte es unterm Strich einfach zu kalt sein. Aber mir ist es durchaus recht, hauptsache ich brauche nicht, so wie im letzten Jahr, nur durch staubtrockene, praktisch frischpilzfreie W\u00e4lder zu exkursieren. In anderen Regionen Deutschlands, wo die Regenf\u00e4lle schon fr\u00fcher und ergiebiger einsetzten, wird schon einiges gefunden. Champignons, T\u00e4ublinge, die ersten Perlpilze und Parasole, um nur einige zu nennen. Nat\u00fcrlich auch R\u00f6hrlinge wie die mastigen<\/span> <span style=\"color: #008000;\">Hexen &#8211; R\u00f6hrlinge und einzelne Sommersteinpilze. Auch Rotf\u00fc\u00dfchen und Gold &#8211; R\u00f6hrling wurden schon gesichtet. All das und einiges mehr kann in K\u00fcrze auch bei uns erwartet werden, voraus gesetzt, es folgen weitere Niederschl\u00e4ge. Der Bericht von unserer heutigen Wanderung erfolgt in K\u00fcrze.<\/span><\/p>\n<div id=\"attachment_51888\" style=\"width: 510px\" class=\"wp-caption aligncenter\"><a href=\"http:\/\/www.steinpilz-wismar.de\/cms\/wp-content\/uploads\/2019\/05\/k-Birkenrotkappe-f\u00fcr-Reinhold.jpg\"><img loading=\"lazy\" decoding=\"async\" aria-describedby=\"caption-attachment-51888\" class=\"wp-image-51888\" src=\"http:\/\/www.steinpilz-wismar.de\/cms\/wp-content\/uploads\/2019\/05\/k-Birkenrotkappe-f\u00fcr-Reinhold-300x225.jpg\" alt=\"\" width=\"500\" height=\"375\" srcset=\"https:\/\/www.steinpilz-wismar.de\/cms\/wp-content\/uploads\/2019\/05\/k-Birkenrotkappe-f\u00fcr-Reinhold-300x225.jpg 300w, https:\/\/www.steinpilz-wismar.de\/cms\/wp-content\/uploads\/2019\/05\/k-Birkenrotkappe-f\u00fcr-Reinhold-768x576.jpg 768w, https:\/\/www.steinpilz-wismar.de\/cms\/wp-content\/uploads\/2019\/05\/k-Birkenrotkappe-f\u00fcr-Reinhold.jpg 1024w\" sizes=\"auto, (max-width: 500px) 100vw, 500px\" \/><\/a><p id=\"caption-attachment-51888\" class=\"wp-caption-text\">Nach dem mich Christian Ehmke um einen Hinweis bat, wo er denn in punkto Birken &#8211; Rotkappe (Leccinum testaceoscabrum) f\u00fcndig werden k\u00f6nnte und ich ihm ein Gebiet nannte, wurde seine Nachsuche auch von Erfolg gekr\u00f6nt. Ein bildsch\u00f6nes Exemplar, wie ich finde! F\u00fcr Christian, der es gewohnt ist, Pilze zu fotografieren, die mit dem blo\u00dfen Auge kaum erkennbar sind, war dieser dicke Brummer schon eine echte Herausforderung.<\/p><\/div>\n<p style=\"text-align: justify;\"><span style=\"color: #008000;\"><span style=\"color: #ff0000;\">Sonntag, 26. Mai<\/span> &#8211; Heute Abend haben Irena und ich noch eine kleine Wanderung durch den S\u00fcltener Forst unternommen. Hier gibt es beispielsweise an einigen Stellen auch Birken &#8211; Rotkappen, wir konnten aber keine ausmachen. \u00dcberhaupt wirkte das sandige Waldgebiet sehr trocken und wir haben nicht einen Frischpilz gefunden. Das Wetter war eigentlich richtig pilzfreundlich. Bedeckter Himmel und sehr schw\u00fcl. Abends fing es dann auch an zu regenen. Erfolgreicher waren da schon unsere Pilzfreundin Angelika aus Hageb\u00f6k mit ihrem Mann Wilhelm. Sie waren f\u00fcr zwei Tage in die sandigen Kiefernforste und Heidegebiete im nord\u00f6stlichen Niedersachsen gefahren. Am Wegesrand wuchs ein sch\u00f6ner, aber ringloser Butterpilz! Er war zwar ringlos, es handelte sich aber nicht um den viel selteneren Ringlosen Butterpilz!<\/span><\/p>\n<div id=\"attachment_51931\" style=\"width: 510px\" class=\"wp-caption aligncenter\"><a href=\"http:\/\/www.steinpilz-wismar.de\/cms\/wp-content\/uploads\/2019\/05\/k-EIF239-Vibrissea-truncorum-Abgestutztes-Fadenscheibchen-190510-Bragphenn_tn.jpg\"><img loading=\"lazy\" decoding=\"async\" aria-describedby=\"caption-attachment-51931\" class=\"wp-image-51931\" src=\"http:\/\/www.steinpilz-wismar.de\/cms\/wp-content\/uploads\/2019\/05\/k-EIF239-Vibrissea-truncorum-Abgestutztes-Fadenscheibchen-190510-Bragphenn_tn-300x219.jpg\" alt=\"\" width=\"500\" height=\"365\" srcset=\"https:\/\/www.steinpilz-wismar.de\/cms\/wp-content\/uploads\/2019\/05\/k-EIF239-Vibrissea-truncorum-Abgestutztes-Fadenscheibchen-190510-Bragphenn_tn-300x219.jpg 300w, https:\/\/www.steinpilz-wismar.de\/cms\/wp-content\/uploads\/2019\/05\/k-EIF239-Vibrissea-truncorum-Abgestutztes-Fadenscheibchen-190510-Bragphenn_tn-768x560.jpg 768w, https:\/\/www.steinpilz-wismar.de\/cms\/wp-content\/uploads\/2019\/05\/k-EIF239-Vibrissea-truncorum-Abgestutztes-Fadenscheibchen-190510-Bragphenn_tn-1024x747.jpg 1024w, https:\/\/www.steinpilz-wismar.de\/cms\/wp-content\/uploads\/2019\/05\/k-EIF239-Vibrissea-truncorum-Abgestutztes-Fadenscheibchen-190510-Bragphenn_tn.jpg 1040w\" sizes=\"auto, (max-width: 500px) 100vw, 500px\" \/><\/a><p id=\"caption-attachment-51931\" class=\"wp-caption-text\">Hier einmal &#8222;Birken &#8211; Rotkappen&#8220; ganz anders, n\u00e4mlich in Form von Abgestutzten Faden- oder Tentakelkeulchen (Vibrissea truncorum). Sie besiedeln altes, Holz, welches sehr feucht und am besten noch im Wasser liegt. Das Foto sandte mir dieser Tage unser L\u00fcbecker Pilz- und Naturfreund Christopher Engelhardt zu. Die sch\u00f6nen Pilzchen sind allerdings nur wenige Millimeter gro\u00df!<\/p><\/div>\n<p style=\"text-align: justify;\"><span style=\"color: #008000;\">Montag, 27. Mai &#8211;<span style=\"color: #3366ff;\"> In der Nacht zog ein Regengebiet durch. Hier einige Me\u00dfwerte: Kirchdorf auf Poel, Goldberg und Schwerin 6 l\/qm, Keez 7,5 l\/qm und Hageb\u00f6k sowie Warnem\u00fcnde: 8 l\/qm. Eine sch\u00f6ne \u00dcberregnung, aber leider auch nicht grundsteinlegend.<\/span> Da m\u00fcssen wir uns schon nach Vorpommern begeben. Dort hat es in den zur\u00fcckliegenden Wochen besonders nach Nordosten und Osten zu deutlich mehr Niederschlag gegeben. Trotzdem d\u00fcrfte der Regen auch bei uns nicht folgenlos bleiben. Viele Pilzarten versp\u00fcren ein gro\u00dfes Nachholebed\u00fcrfnis. Wenn es jetzt immer mal wieder etwas nachregnen w\u00fcrde und die Temperaturen im leicht unterk\u00fchlten Bereich\u00a0 blieben, w\u00fcrde es zunehmend artenreicher werden, aber ohne einen gro\u00dfen, ersten Wachstumsschub von Sommerpilzen. Das scheint so aber nicht zu kommen. Die Tendenz geht nun in Richtung Sommer. Ab dem Wochenende wird es deutlich w\u00e4rmer und auch die Sonne d\u00fcrfte die Oberhand gewinnen. Da ist die wenige Feuchtigkeit schnell wieder verdunstet, es sei denn, es k\u00f6nnen sich h\u00e4ufig W\u00e4rmegewitter bilden.<\/span><\/p>\n<p style=\"text-align: justify;\"><span style=\"color: #008000;\"><span style=\"color: #800080;\">Heute habe ich die immer noch bescheidene Ausstellung mal wieder etwas aufgefrischt. Es liegen nun 70 Arten auf der Fl\u00e4che. Das erste mal in diesem Jahr sind folgende Pilzarten dabei:<\/span> Fr\u00fchlings &#8211; Ackerling, Tr\u00e4nender Saumpilz, <span style=\"color: #ff6600;\">Mai &#8211; Stielporling<\/span>, Sklerotien &#8211; Stielporling <span style=\"color: #800080;\">und<\/span> <span style=\"color: #ff6600;\">Gallertfleischiges Kr\u00fcppelf\u00fc\u00dfchen.<\/span><\/span><\/p>\n<div id=\"attachment_51934\" style=\"width: 510px\" class=\"wp-caption aligncenter\"><a href=\"http:\/\/www.steinpilz-wismar.de\/cms\/wp-content\/uploads\/2019\/05\/k-P1150107.jpg\"><img loading=\"lazy\" decoding=\"async\" aria-describedby=\"caption-attachment-51934\" class=\"wp-image-51934\" src=\"http:\/\/www.steinpilz-wismar.de\/cms\/wp-content\/uploads\/2019\/05\/k-P1150107-300x226.jpg\" alt=\"\" width=\"500\" height=\"377\" srcset=\"https:\/\/www.steinpilz-wismar.de\/cms\/wp-content\/uploads\/2019\/05\/k-P1150107-300x226.jpg 300w, https:\/\/www.steinpilz-wismar.de\/cms\/wp-content\/uploads\/2019\/05\/k-P1150107-768x579.jpg 768w, https:\/\/www.steinpilz-wismar.de\/cms\/wp-content\/uploads\/2019\/05\/k-P1150107-1024x772.jpg 1024w, https:\/\/www.steinpilz-wismar.de\/cms\/wp-content\/uploads\/2019\/05\/k-P1150107.jpg 1040w\" sizes=\"auto, (max-width: 500px) 100vw, 500px\" \/><\/a><p id=\"caption-attachment-51934\" class=\"wp-caption-text\">Die Gallertfleischigen Stummelf\u00fc\u00dfchen (Crepidotus mollis) habe ich von einem Baumstamm abgenommen, der nun schon seit mindestens drei Jahren immer wieder frische Fruchtk\u00f6rper hervorbringt. Er steht auf dem Hinterhof des Ladens in einem schattigen Blumen- und Kr\u00e4uterbereich und ist der Witterung ausgesetzt, Durch die h\u00e4ufigeren Niederschl\u00e4ge der letzten Zeit beginnen sich nun wieder zahlreiche Fruchtkr\u00f6per zu entwickeln. Schwerpunkt der Fruktifikation ist allerdings der Herbst. Aber auch im zur\u00fcckliegenden, milden Winter, wuchsen immer mal welche. Standortfoto am 27.05.2019.<\/p><\/div>\n<p style=\"text-align: justify;\"><span style=\"color: #008000;\">Dienstag, 28. Mai &#8211; Viel Regen in der S\u00fcd- und Westh\u00e4lfte Deutschlands auch heute wieder. Vor 10 Tagen habe ich weiter oben im Tagebuch f\u00fcr S\u00fcddeutschland, speziell auch im weiteren Vorfeld der Alpen, die m\u00f6glichen Niederschlagsmengen, die ein amerikanisches Wettermodel berechnet hatte, erw\u00e4hnt. Damit lag dieses Vorhersagemodell gar nicht so schlecht, denn schon bei der vorigen Starkregen &#8211; Situation in der vergangenen Woche kamen dort \u00f6rtlich bis 200 l\/qm zusammen. Derzeit werden bis zu 100 Liter erwartet. Das ist f\u00fcr diese Region zwar auch nicht allt\u00e4glich, hohe Regenmengen sind aber aufgrund des Alpenstaus hier immer mal m\u00f6glich. F\u00fcr Mecklenburg wurden f\u00fcr den selben Zeitabschnitt bis zu 60 Liter vorhergerechnet. Das Ziel haben wir nicht erreicht. H\u00f6chstens Vorpommern k\u00f6nnte in die N\u00e4he kommen. Hunderte Liter, so wie in S\u00fcdbayern, brauchen wir aber auch nicht, wir sind deutlich gen\u00fcgsamer, aber ein ordentlicher Niederschlags &#8211; Hotspot mehrmals im Sommer und Herbst w\u00e4re nicht schlecht, um entsprechende Wachstumssch\u00fcbe auszul\u00f6sen. Daf\u00fcr haben die Regenf\u00e4lle zumindest in unserem Einzugsgebiet noch nicht ausgereicht, aber es tut sich allm\u00e4hlich was. In den Parkanlagen sollte es in den n\u00e4chsten Tagen etwas belebter werden. Heute fand ich im Parkrasen vor der Haust\u00fcr, wo u. a. einzelne Birken stehen, die ersten Erdritterlinge. Champignons, einige T\u00e4ublinge, Wulstlinge, aber auch R\u00f6hrlinge wie Hexenpilze und m\u00f6glicherweise auch Sommersteinpilze sollten folgen.\u00a0<\/span><\/p>\n<p style=\"text-align: justify;\"><span style=\"color: #008000;\">Das Wetter wird hoffentlich in der n\u00e4chsten Zeit mitspielen. Ein sommerliches Dauer &#8211; Sch\u00f6nwetterhoch ist zum Gl\u00fcck weiterhin nicht in Sicht. Allenfalls kleine Zwischenhochs k\u00f6nnen mal f\u00fcr den einen oder anderen st\u00f6rungsfreien Tag sorgen. Ansonsten werden weiterhin viele Tiefs die Wetterk\u00fcche am Brodeln halten. Und diese Tiefs zapfen in der n\u00e4chsten Zeit auch immer mal richtig warme Sommerluft an. <span style=\"color: #ff6600;\">So zum Wochenende, wo es auf 25 &#8211; 30 Grad rauf gehen kann.<\/span> <span style=\"color: #3366ff;\">Vorher sind in den beiden folgenden N\u00e4chten in ung\u00fcnstigen Lagen noch einmal Bodenfr\u00f6ste m\u00f6glich!<\/span> <span style=\"color: #ff6600;\">Im Gegenzug k\u00f6nnte es am Montag fast bis zu den K\u00fcsten 30 Grad geben!<\/span> F\u00fcr Fans von w\u00e4rmeliebenden R\u00f6hrlingen ist das auch notwendig, damit Sommersteinpilz und Co. etwas st\u00e4rker heraus gekitzelt werden k\u00f6nnen, entsprechende Nachfolgeniederschl\u00e4ge vorausgesetzt.<\/span><\/p>\n<p style=\"text-align: justify;\"><span style=\"color: #008000;\">Aber die hei\u00dfe Luft wird wohl schon am Dienstag wieder vom Winde verweht sein. So schnell wie sie gekommen ist, wird sie auch schon wieder von einer <span style=\"color: #3366ff;\">Kaltfront<\/span> vertrieben. Da die hei\u00dfe Luft aber sehr energiegeladen ist, birgt sie ein gro\u00dfes Unwetterpotential! <span style=\"color: #ff0000;\">Es bahnt sich wohl die erste Schwergewitter &#8211; Situation dieses Sommerhalbjahres an!<\/span> So jedenfalls die neuesten Berechnungen bei Kachelmann &#8211; Wetter heute Abend.<span style=\"color: #ff0000;\"> Aus jetziger Sicht k\u00f6nnte Mecklenburg in der Nacht von Montag auf Dienstag Unwetteregion sein!<\/span> Hoffentlich auch mit hohen Regenmengen und nicht nur mit reichlich Spektakel.<\/span><\/p>\n<div id=\"attachment_51954\" style=\"width: 510px\" class=\"wp-caption aligncenter\"><a href=\"http:\/\/www.steinpilz-wismar.de\/cms\/wp-content\/uploads\/2019\/05\/k-P1150132.jpg\"><img loading=\"lazy\" decoding=\"async\" aria-describedby=\"caption-attachment-51954\" class=\"wp-image-51954\" src=\"http:\/\/www.steinpilz-wismar.de\/cms\/wp-content\/uploads\/2019\/05\/k-P1150132-300x225.jpg\" alt=\"\" width=\"500\" height=\"375\" srcset=\"https:\/\/www.steinpilz-wismar.de\/cms\/wp-content\/uploads\/2019\/05\/k-P1150132-300x225.jpg 300w, https:\/\/www.steinpilz-wismar.de\/cms\/wp-content\/uploads\/2019\/05\/k-P1150132-768x576.jpg 768w, https:\/\/www.steinpilz-wismar.de\/cms\/wp-content\/uploads\/2019\/05\/k-P1150132.jpg 1024w\" sizes=\"auto, (max-width: 500px) 100vw, 500px\" \/><\/a><p id=\"caption-attachment-51954\" class=\"wp-caption-text\">Gilbender Erdritterling (Tricholoma sculpturatum) am 28.05.2019 in der Wismarer Erwin &#8211; Fischer Stra\u00dfe am Standort fotografiert. Essbar.<\/p><\/div>\n<p style=\"text-align: justify;\"><span style=\"color: #008000;\">Mittwoch, 29. Mai &#8211; Nach dem ich noch lange im Laden zu tun hatte, startete ich am sp\u00e4ten Nachmittag zu meiner obligatorischen Mittwochsexkursion. Dazu hatten sich auch zwei Pilzfreunde aus Hildesheim angemeldet, dir f\u00fcr einige Tage am Plauer See Urlaub machen wollen und Fans vom Steinpilz &#8211; Wismar sind. Da heute ihr Anreisetag war und sie nur schleppend im dichten Stra\u00dfenverkehr voran kamen, war es von Vorteil, dass ich erst so sp\u00e4t aufbrach. Wir trafen uns gegen 18.00 Uhr in Alt Schwinz. Der letzte Quadrant des Dobbertiner Messtischblattes war heute an der Reihe. Es ging also ein St\u00fcck weit durch die Schwinzer Heide. Besonders im Herbst ein sehr beliebtes Revier bei Pilzsuchern. Heute waren wir die einzigen, die im recht trockenen Heidesand zwischen Kiefern, Eichen, Fichten, Birken und Erlen nach Pilzen ausschauten. Es war nat\u00fcrlich recht d\u00fcrftig in punkto Frischpilze, aber eine leckere Pilzsuppe w\u00e4re meinen G\u00e4sten sicher gewesen, h\u00e4tten sie ein Sammelbeh\u00e4ltnis mit dabei gehabt. Da aber in ihrem Hotel keine M\u00f6glichkeit zur Zubereitung bestand und sie ohnehin nicht mit Speisepilzen rechneten, nahm ich mir nur einige Lilabl\u00e4ttrige M\u00fcrblinge f\u00fcr die Ausstellung mit. Ansonsten<\/span> <span style=\"color: #008000;\">konnte ich hier f\u00fcr mich durchaus einige neue Arten entdecken und aufschreiben, denen ich im Sommer und Herbst hier bisher noch nicht begegnet bin. Ein kleiner Bericht und auch die Artenliste ist unter &#8222;Mittwochsexkursion am 29.05.2019&#8220; zu finden.<\/span><\/p>\n<div id=\"attachment_52004\" style=\"width: 510px\" class=\"wp-caption aligncenter\"><a href=\"http:\/\/www.steinpilz-wismar.de\/cms\/wp-content\/uploads\/2019\/05\/k-P1150171.jpg\"><img loading=\"lazy\" decoding=\"async\" aria-describedby=\"caption-attachment-52004\" class=\"wp-image-52004\" src=\"http:\/\/www.steinpilz-wismar.de\/cms\/wp-content\/uploads\/2019\/05\/k-P1150171-300x227.jpg\" alt=\"\" width=\"500\" height=\"378\" srcset=\"https:\/\/www.steinpilz-wismar.de\/cms\/wp-content\/uploads\/2019\/05\/k-P1150171-300x227.jpg 300w, https:\/\/www.steinpilz-wismar.de\/cms\/wp-content\/uploads\/2019\/05\/k-P1150171-768x581.jpg 768w, https:\/\/www.steinpilz-wismar.de\/cms\/wp-content\/uploads\/2019\/05\/k-P1150171-1024x775.jpg 1024w, https:\/\/www.steinpilz-wismar.de\/cms\/wp-content\/uploads\/2019\/05\/k-P1150171.jpg 1052w\" sizes=\"auto, (max-width: 500px) 100vw, 500px\" \/><\/a><p id=\"caption-attachment-52004\" class=\"wp-caption-text\">Lilabl\u00e4ttriger M\u00fcrbling oder Behangener Faserling (Psathyrella candolleana) heute in der Schwinzer Heide um eine alte Birke herum und im reichlichen Rindenmulch, in zahlreichen und b\u00fcscheligen Exemplaren. Dazu noch besonders ansehnlich und \u00fcppig. Da es sich um einen sehr schmackhaften Suppenpilz handelt, h\u00e4tte er durchaus den Gaumen des Pilz &#8211; Gourmets umschmeicheln k\u00f6nnen.<\/p><\/div>\n<p style=\"text-align: justify;\"><span style=\"color: #008000;\"><span style=\"color: #ff0000;\">Donnerstag, 30. Mai (Christi Himmelfahrt)<\/span> &#8211; Oder auch der Tag des Herrn. Aber auch Weltuntergang, von dem bis jetzt, so wie in jedem Jahr, noch nichts zu sp\u00fcren ist. Herrentag sah bei mir heute so aus: Kaffee am morgen, noch etwas Zeitungsschau und ein kurzer Blick in eine Klassik &#8211; Rockzeitschrift. Danach den Roller volltanken, denn gestern habe ich mal wieder ganz sch\u00f6n Sprit verfahren und dann in den Laden. Aufarbeitung der gestrigen Mittwochsexkursion und Imbiss &#8211; Vorbereitungen, denn morgen ist kleiner Imbisstag. Diesesmal mu\u00df ich ihn leider alleine austragen, da niemand Zeit gefunden hat, mir unter die Arme zu greifen. So habe ich heute das erste mal selbst unsere leckere Waldpilzsuppe gekocht. Das hei\u00dft, ich hoffe sie wird lecker. Sicher nicht so wie bei Irena, aber ich denke, sie ist durchaus zu genie\u00dfen. Einzig habe ich wohl ein wenig zu viele M\u00f6hren bei. Obwohl, so viele sind es gar nicht, aber wohl richtig gute mit einem tollen Geschmack. Die schlagen ganz sch\u00f6n durch, trotz reichlich Hallimasch und einigen Maipilzen. Zum Gl\u00fcck habe ich noch Pilzpulver von unseren Trockenpilzen. So werde ich morgen sowohl die Pilzberatung + Ausstellung absichern und zugleich auch noch den Imbiss meistern m\u00fcssen. Da ich aber keinen gro\u00dfen Imbissstand aufbauen werde, hoffe ich trotzdem, dass ich meine beiden gro\u00dfen T\u00f6pfe an Waldpilzsuppe unter die Leute bringen kann.<\/span><\/p>\n<div id=\"attachment_52019\" style=\"width: 510px\" class=\"wp-caption aligncenter\"><a href=\"http:\/\/www.steinpilz-wismar.de\/cms\/wp-content\/uploads\/2019\/05\/k-P1150194.jpg\"><img loading=\"lazy\" decoding=\"async\" aria-describedby=\"caption-attachment-52019\" class=\"wp-image-52019\" src=\"http:\/\/www.steinpilz-wismar.de\/cms\/wp-content\/uploads\/2019\/05\/k-P1150194-300x225.jpg\" alt=\"\" width=\"500\" height=\"375\" srcset=\"https:\/\/www.steinpilz-wismar.de\/cms\/wp-content\/uploads\/2019\/05\/k-P1150194-300x225.jpg 300w, https:\/\/www.steinpilz-wismar.de\/cms\/wp-content\/uploads\/2019\/05\/k-P1150194-768x576.jpg 768w, https:\/\/www.steinpilz-wismar.de\/cms\/wp-content\/uploads\/2019\/05\/k-P1150194.jpg 1024w\" sizes=\"auto, (max-width: 500px) 100vw, 500px\" \/><\/a><p id=\"caption-attachment-52019\" class=\"wp-caption-text\">Wie schon geschrieben, Maipilze (Calocybe gambosa) sind auch in meiner Pilzsuppe. Ihre Zeit ist im wesentlichen durch. Es gibt aber immer mal einige Nachz\u00fcgler, insbesondere in W\u00e4ldern, wo man sie nicht erwartet h\u00e4tte. N\u00e4mlich in den sandigen Bereichen, so wie hier gestern in der Schwinzer Heide, an einem Stra\u00dfenrand, wo sonst eigentlich K\u00f6rnchen &#8211; R\u00f6hrlinge, T\u00e4ublinge, Pfifferlinge und Steinpilze wachsen. Hier erscheinen sie traditionell sp\u00e4ter, sind aber meist nicht besonders ergiebig.<\/p><\/div>\n<p style=\"text-align: justify;\"><span style=\"color: #008000;\">Freitag, 31. Mai &#8211; Das war heute schon eine Premiere. Einen Imbisstag ganz alleine zu bewerkstelligen, also vor dem Laden den kleinen Imbissstand zu betreuen, gleichzeitig f\u00fcr Interessierte die Ausstellung\u00a0 erl\u00e4utern, abwaschen, Kaffee und Tee kochen usw. Ein st\u00e4ndiges hin und her. Aber in der Ruhe liegt die Kraft und so kam auch keine Hektik auf, zumal sich der Ansturm auf unsere herzhafte Waldpilzsuppe in Grenzen hielt. Und ich muss sagen, ich habe sie ganz gut hinbekommen. Wer nicht davon probiert hat, hatte wirklich etwas vers\u00e4umt. So waren die G\u00e4ste, die sich am kleinen Tisch drau\u00dfen oder an die eingedeckte Tafel im Laden platzierten, voll des Lobes. Also nicht nur Eigenlob meinerseits. Zum Schluss nahmen sich sogar noch Leute Pilzsuppe f\u00fcr morgen mit nach hause. Da der Imbisstand nur bescheiden war, ohne Pilzpfanne und Waffeln, konnte ich auch nicht so viele Leute binden, wie wir es eigentlich gewohnt sind. Oder liegt es doch eher an unserer weiblichen Standbetreuung?\u00a0 Wie dem auch sei, ein gro\u00dfer Topf steht noch im K\u00fchlschrank. Den versuche ich morgen unter die Leute zu bringen, denn in der ABC Stra\u00dfe ist richtig was los. Einmal im Jahr wird die gesamte Stra\u00dfe mit St\u00fchlen zugestellt. Es findet die Stuhlparade statt. Leider steht morgen aber auch eine Pilzwanderung auf dem Programm. So werde ich mich sputen und wenn ich aus dem Wald komme, muss es gleich mit dem Imbissgesch\u00e4ft losgehen. Ich glaube, morgen wird es richtig stressig!<\/span><\/p>\n<div id=\"attachment_52027\" style=\"width: 510px\" class=\"wp-caption aligncenter\"><a href=\"http:\/\/www.steinpilz-wismar.de\/cms\/wp-content\/uploads\/2019\/05\/k-P1150260.jpg\"><img loading=\"lazy\" decoding=\"async\" aria-describedby=\"caption-attachment-52027\" class=\"wp-image-52027\" src=\"http:\/\/www.steinpilz-wismar.de\/cms\/wp-content\/uploads\/2019\/05\/k-P1150260-300x225.jpg\" alt=\"\" width=\"500\" height=\"375\" srcset=\"https:\/\/www.steinpilz-wismar.de\/cms\/wp-content\/uploads\/2019\/05\/k-P1150260-300x225.jpg 300w, https:\/\/www.steinpilz-wismar.de\/cms\/wp-content\/uploads\/2019\/05\/k-P1150260-768x576.jpg 768w, https:\/\/www.steinpilz-wismar.de\/cms\/wp-content\/uploads\/2019\/05\/k-P1150260.jpg 1024w\" sizes=\"auto, (max-width: 500px) 100vw, 500px\" \/><\/a><p id=\"caption-attachment-52027\" class=\"wp-caption-text\">P\u00fcnktlich um 11.00 Uhr hatte ich das erste S\u00fcppchen eingeschenkt. Schnell noch etwas Holzkohle zum gl\u00fchen bringen, damit das S\u00fcppchen nicht abk\u00fchlt. Die gro\u00dfen T\u00f6pfe standen noch auf dem Herd und erst am Nachmittag habe ich den Stand noch etwas erweitert.<\/p><\/div>\n<p style=\"text-align: justify;\"><span style=\"color: #008000;\">Noch kurz eine Einsch\u00e4tzung des nun zu Ende gegangenen Fr\u00fchlingsmonat Mai. Pilztechnisch, wie auch wettertechnisch war er sehr durchwachsen. Deutlich zu kalt und auch wieder zu trocken. W\u00e4hrend unsere typischen Fr\u00fchlingspilze die K\u00e4lte nicht wirklich \u00fcbel nehmen, hat das \u00fcber weite strecken zu trockene Wetter besseres verhindert. Im gro\u00dfen und ganzen liegt nun der Pilzfr\u00fchling hinter uns. Er hatte sehr verhei\u00dfungsvoll begonnen, d\u00fcmpelte dann aber so vor sich hin. Frische Schwefelporlinge habe ich bisher keine gesehen. So sollte es eigentlich ein gutes Pilzjahr werden. Der nun beginnende Juni ist der \u00dcbergangsmonat vom Fr\u00fchling zum Sommer. Gro\u00dfes d\u00fcrfen wir von ihm eigentlich noch nicht erwarten. Sollte aber g\u00fcnstiges Pilzwetter einsetzen, so denke ich, dass schon einiges mehr m\u00f6glich sollte, mehr als wir eigentlich vom Juni erwarten d\u00fcrfen.<\/span><\/p>\n<div id=\"attachment_52028\" style=\"width: 510px\" class=\"wp-caption aligncenter\"><a href=\"http:\/\/www.steinpilz-wismar.de\/cms\/wp-content\/uploads\/2019\/05\/k-EIF170-Fingerhut-Verpel-Verpa-conica-190510-Wald-n\u00f6rdlich-Pelm_tn.jpg\"><img loading=\"lazy\" decoding=\"async\" aria-describedby=\"caption-attachment-52028\" class=\"wp-image-52028\" src=\"http:\/\/www.steinpilz-wismar.de\/cms\/wp-content\/uploads\/2019\/05\/k-EIF170-Fingerhut-Verpel-Verpa-conica-190510-Wald-n\u00f6rdlich-Pelm_tn-300x218.jpg\" alt=\"\" width=\"500\" height=\"363\" srcset=\"https:\/\/www.steinpilz-wismar.de\/cms\/wp-content\/uploads\/2019\/05\/k-EIF170-Fingerhut-Verpel-Verpa-conica-190510-Wald-n\u00f6rdlich-Pelm_tn-300x218.jpg 300w, https:\/\/www.steinpilz-wismar.de\/cms\/wp-content\/uploads\/2019\/05\/k-EIF170-Fingerhut-Verpel-Verpa-conica-190510-Wald-n\u00f6rdlich-Pelm_tn-768x557.jpg 768w, https:\/\/www.steinpilz-wismar.de\/cms\/wp-content\/uploads\/2019\/05\/k-EIF170-Fingerhut-Verpel-Verpa-conica-190510-Wald-n\u00f6rdlich-Pelm_tn.jpg 1024w\" sizes=\"auto, (max-width: 500px) 100vw, 500px\" \/><\/a><p id=\"caption-attachment-52028\" class=\"wp-caption-text\">Zum Ausklang des Wonnemonats noch ein sch\u00f6nes Stimmungsfoto von Christopher Engelhardt aus L\u00fcbeck. Wir sehen hier die Fingerhut Verpel (Verpa conica). Chris hat das wundersch\u00f6ne Foto im Wald n\u00f6rdlich Pelm in der Vulkaneifel aufgenommen. Essbar.<\/p><\/div>\n<p style=\"text-align: center;\"><strong><span style=\"color: #800080;\">Fortsetzung unter &#8222;Wetter\/Pilze Juni 2019&#8220;<\/span><\/strong><\/p>\n","protected":false},"excerpt":{"rendered":"<p>Tagebuch zu Wetter und Pilze Mai 2019 Mittwoch, 01. Mai &#8211; Internationaler Kampf &#8211; und Feiertag der Arbeiterklasse. So sollte wohl die auch heute noch g\u00fcltige Bezeichnung dieses Feiertages lauten, denn es geht an diesem Tag traditionell um Klassenkampf. Leider ist heute nur die verniedlichende Form &#8222;Maifeiertag&#8220; amtlich gebr\u00e4uchlich. Man k\u00f6nnte denken, wir feiern hier [&hellip;]<\/p>\n","protected":false},"author":1,"featured_media":0,"comment_status":"closed","ping_status":"closed","sticky":false,"template":"","format":"standard","meta":{"footnotes":""},"categories":[1244],"tags":[],"class_list":["post-51406","post","type-post","status-publish","format-standard","hentry","category-tagebuch-mai-2019"],"_links":{"self":[{"href":"https:\/\/www.steinpilz-wismar.de\/cms\/index.php?rest_route=\/wp\/v2\/posts\/51406","targetHints":{"allow":["GET"]}}],"collection":[{"href":"https:\/\/www.steinpilz-wismar.de\/cms\/index.php?rest_route=\/wp\/v2\/posts"}],"about":[{"href":"https:\/\/www.steinpilz-wismar.de\/cms\/index.php?rest_route=\/wp\/v2\/types\/post"}],"author":[{"embeddable":true,"href":"https:\/\/www.steinpilz-wismar.de\/cms\/index.php?rest_route=\/wp\/v2\/users\/1"}],"replies":[{"embeddable":true,"href":"https:\/\/www.steinpilz-wismar.de\/cms\/index.php?rest_route=%2Fwp%2Fv2%2Fcomments&post=51406"}],"version-history":[{"count":144,"href":"https:\/\/www.steinpilz-wismar.de\/cms\/index.php?rest_route=\/wp\/v2\/posts\/51406\/revisions"}],"predecessor-version":[{"id":95767,"href":"https:\/\/www.steinpilz-wismar.de\/cms\/index.php?rest_route=\/wp\/v2\/posts\/51406\/revisions\/95767"}],"wp:attachment":[{"href":"https:\/\/www.steinpilz-wismar.de\/cms\/index.php?rest_route=%2Fwp%2Fv2%2Fmedia&parent=51406"}],"wp:term":[{"taxonomy":"category","embeddable":true,"href":"https:\/\/www.steinpilz-wismar.de\/cms\/index.php?rest_route=%2Fwp%2Fv2%2Fcategories&post=51406"},{"taxonomy":"post_tag","embeddable":true,"href":"https:\/\/www.steinpilz-wismar.de\/cms\/index.php?rest_route=%2Fwp%2Fv2%2Ftags&post=51406"}],"curies":[{"name":"wp","href":"https:\/\/api.w.org\/{rel}","templated":true}]}}